{"id":4884,"date":"2024-06-08T09:45:36","date_gmt":"2024-06-08T07:45:36","guid":{"rendered":"http:\/\/bloghammam.localhost\/2024\/06\/08\/dia-mundial-del-bienestar-2024\/"},"modified":"2026-04-09T11:54:32","modified_gmt":"2026-04-09T09:54:32","slug":"dia-mundial-del-bienestar-2024","status":"publish","type":"post","link":"https:\/\/hammamalandalus.com\/blog\/dia-mundial-del-bienestar-2024\/","title":{"rendered":"D\u00eda Mundial del Bienestar: celebrando la armon\u00eda entre cuerpo y alma"},"content":{"rendered":"<p><span style=\"font-weight: 400;\">Cada segundo s\u00e1bado de junio se celebra el <\/span><b>D\u00eda Mundial del Bienestar<\/b><span style=\"font-weight: 400;\">, un momento para respirar profundamente, relajarse y redescubrir el arte de vivir con plenitud, una fecha que busca promover h\u00e1bitos de vida saludables y fomentar el bienestar integral de las personas.\u00a0<\/span><\/p>\n<p><span style=\"font-weight: 400;\">No se trata de un d\u00eda m\u00e1s en el calendario, sino de la oportunidad ideal para escuchar a nuestro cuerpo, reconectar con nuestro ser interior y con el entorno que nos rodea.\u00a0<\/span><\/p>\n<p><!--more--><\/p>\n<p><span style=\"font-weight: 400;\">La celebraci\u00f3n de este d\u00eda surge en 2012 gracias a <a href=\"https:\/\/www.globalwellnessday.org\/about\/gwd-founder\/\">Belgin Aksoy<\/a>, una empresaria turca que, tras superar desaf\u00edos personales de salud, <\/span><b>comprendi\u00f3 la importancia de vivir de manera consciente y saludable<\/b><span style=\"font-weight: 400;\">. Desde entonces, se han unido m\u00e1s de 100 pa\u00edses para celebrar esta jornada dedicada a cultivar el equilibrio f\u00edsico, mental y emocional.\u00a0<\/span><\/p>\n<p><span style=\"font-weight: 400;\">Este d\u00eda especial se estructura en torno a siete principios fundamentales que gu\u00edan a las personas hacia una vida m\u00e1s equilibrada:\u00a0<\/span><\/p>\n<ul>\n<li><b>Caminar una hora<\/b><span style=\"font-weight: 400;\">, la caminata no s\u00f3lo revitaliza el cuerpo, sino que tambi\u00e9n despeja la mente y alimenta el esp\u00edritu.<\/span><\/li>\n<li><b>Beber m\u00e1s agua<\/b><span style=\"font-weight: 400;\">, ya que la hidrataci\u00f3n es esencial para el funcionamiento \u00f3ptimo del cuerpo y la mente.\u00a0<\/span><\/li>\n<li><b>No utilizar pl\u00e1sticos de un solo uso<\/b><span style=\"font-weight: 400;\">, optar por alternativas sostenibles protege nuestro planeta y nuestra salud.\u00a0<\/span><\/li>\n<li><b>Comer alimentos saludables<\/b><span style=\"font-weight: 400;\">, puesto que una dieta equilibrada es la base de una vida sana.<\/span><\/li>\n<li><b>Hacer una buena acci\u00f3n<\/b><span style=\"font-weight: 400;\">, la bondad no solo beneficia a los dem<\/span><span style=\"font-weight: 400;\">\u00e1s, sino que tambi\u00e9n enriquece nuestra propia alma.<\/span><\/li>\n<li><b>Tener una cena en familia<\/b><span style=\"font-weight: 400;\">, las comidas compartidas fortalecen los lazos familiares y mejoran el bienestar emocional.\u00a0<\/span><\/li>\n<li><b>Dormir las horas necesarias<\/b><span style=\"font-weight: 400;\">, pues un descanso adecuado es crucial para la regeneraci\u00f3n del cuerpo y la mente.<\/span><\/li>\n<\/ul>\n<p><span style=\"font-weight: 400;\">Hammam Al \u00c1ndalus y el D\u00eda Mundial del Bienestar compa<\/span><span style=\"font-weight: 400;\">rten una filosof\u00eda com\u00fan: el bienestar es una experiencia hol\u00edstica que abarca <\/span><b>cuerpo, mente y esp\u00edritu<\/b><span style=\"font-weight: 400;\">. En Hammam, cada visita es una oportunidad para desconectar del mundo exterior y sumergirnos en un estado de profunda relajaci\u00f3n. Los rituales de agua, los masajes, el arte que emana de sus paredes, y el aroma de los aceites esenciales nos transportan, a trav\u00e9s de los sentidos, a un estado de paz interior y bienestar integral.\u00a0<\/span><\/p>\n<p><span style=\"font-weight: 400;\">De la b\u00fasqueda de ese estado nace la <\/span><b><a href=\"https:\/\/catedra.hammamalandalus.com\/\">C\u00e1tedra Hammam Al \u00c1ndalus I+D+i en Bienestar Humano<\/a> de la Universidad de Granada<\/b><span style=\"font-weight: 400;\"> \u201c<\/span><span style=\"font-weight: 400;\">con el objetivo de facilitar la generaci\u00f3n y transmisi\u00f3n del conocimiento sobre los efectos a nivel f\u00edsico y psicol\u00f3gico de los modelos cl\u00e1sicos del uso del agua, el masaje y la experiencia hol\u00edstica del ba\u00f1o \u00e1rabe\u201d, prestando especial inter\u00e9s en las interacciones entre la mente y el cuerpo y los beneficios que puede aportar sobre la salud y el bienestar de las personas.\u00a0<\/span><\/p>\n<p><b>\u201cEl arte es una expresi\u00f3n de cambio, y ese cambio puede llegar a producir efectos muy positivos en la salud que a veces son dif\u00edciles de observar por parte de un profesional sanitario\u201d<\/b><span style=\"font-weight: 400;\">, tal y como comenta Miguel Arroyo, director de esta c\u00e1tedra. Y es que el bienestar no es solamente nuestro estado f\u00edsico.\u00a0<\/span><\/p>\n<p><img loading=\"lazy\" decoding=\"async\" class=\"wp-image-16596 aligncenter\" src=\"https:\/\/hammamalandalus.com\/blog\/wp-content\/uploads\/2026\/03\/dmb-scaled.jpg\" alt=\"D\u00eda Mundial del Bienestar\" width=\"443\" height=\"503\" \/><\/p>\n<p><span style=\"font-weight: 400;\">Hammam Al \u00c1ndalus no solo celebra el bienestar en este d\u00eda\u00a0especial, sino que promueve una cultura de salud y equilibrio durante todo el a\u00f1o. Es un recordatorio de la importancia de cuidar de uno mismo y de encontrar momentos de paz en la vida cotidiana. Porque vivir con bienestar es un arte, y cada d\u00eda es una nueva oportunidad para perfeccionarlo.<\/span><\/p>\n<p><span style=\"font-weight: 400;\">\u00a0<\/span><\/p>\n","protected":false},"excerpt":{"rendered":"<p>Cada segundo s\u00e1bado de junio se celebra el D\u00eda Mundial del Bienestar, un momento para respirar profundamente, relajarse y redescubrir el arte de vivir con plenitud, una fecha que busca promover h\u00e1bitos de vida saludables y fomentar el bienestar integral de las personas.\u00a0 No se trata de un d\u00eda m\u00e1s en el calendario, sino de &hellip;<\/p>\n","protected":false},"author":1,"featured_media":4887,"comment_status":"open","ping_status":"open","sticky":false,"template":"","format":"standard","meta":{"_acf_changed":false,"footnotes":""},"categories":[52,53],"tags":[26,27,28,29],"class_list":["post-4884","post","type-post","status-publish","format-standard","has-post-thumbnail","hentry","category-bienvivir-y-salud","category-cultura-del-agua","tag-almanaque-hammam","tag-catedra-hammam-al-andalus-idi-en-bienestar-humano","tag-dia-mundial-del-bienestar","tag-hammam-al-andalus"],"acf":[],"yoast_head":"<!-- This site is optimized with the Yoast SEO plugin v27.4 - https:\/\/yoast.com\/product\/yoast-seo-wordpress\/ -->\n<title>D\u00eda Mundial del Bienestar - Hammam Al \u00c1ndalus<\/title>\n<meta name=\"description\" content=\"Hammam Al \u00c1ndalus y el D\u00eda Mundial del Bienestar comparten una filosof\u00eda: el bienestar es una experiencia que abarca cuerpo, mente y esp\u00edritu.\" \/>\n<meta name=\"robots\" content=\"index, follow, max-snippet:-1, max-image-preview:large, max-video-preview:-1\" \/>\n<link rel=\"canonical\" href=\"https:\/\/hammamalandalus.com\/blog\/dia-mundial-del-bienestar-2024\/\" \/>\n<meta property=\"og:locale\" content=\"es_ES\" \/>\n<meta property=\"og:type\" content=\"article\" \/>\n<meta property=\"og:title\" content=\"D\u00eda Mundial del Bienestar - Hammam Al \u00c1ndalus\" \/>\n<meta property=\"og:description\" content=\"Hammam Al \u00c1ndalus y el D\u00eda Mundial del Bienestar comparten una filosof\u00eda: el bienestar es una experiencia que abarca cuerpo, mente y esp\u00edritu.\" \/>\n<meta property=\"og:url\" content=\"https:\/\/hammamalandalus.com\/blog\/dia-mundial-del-bienestar-2024\/\" \/>\n<meta property=\"og:site_name\" content=\"ECOS DE BIENSENTIR, la Revista de Bienestar de Hammam Al \u00c1ndalus\" \/>\n<meta property=\"article:published_time\" content=\"2024-06-08T07:45:36+00:00\" \/>\n<meta property=\"article:modified_time\" content=\"2026-04-09T09:54:32+00:00\" \/>\n<meta property=\"og:image\" content=\"https:\/\/hammamalandalus.com\/blog\/wp-content\/uploads\/2026\/03\/d5a2501-copia-scaled-1.jpg\" \/>\n\t<meta property=\"og:image:width\" content=\"2560\" \/>\n\t<meta property=\"og:image:height\" content=\"1944\" \/>\n\t<meta property=\"og:image:type\" content=\"image\/jpeg\" \/>\n<meta name=\"author\" content=\"dacmail\" \/>\n<meta name=\"twitter:card\" content=\"summary_large_image\" \/>\n<meta name=\"twitter:label1\" content=\"Escrito por\" \/>\n\t<meta name=\"twitter:data1\" content=\"dacmail\" \/>\n\t<meta name=\"twitter:label2\" content=\"Tiempo de lectura\" \/>\n\t<meta name=\"twitter:data2\" content=\"3 minutos\" \/>\n<script type=\"application\/ld+json\" class=\"yoast-schema-graph\">{\"@context\":\"https:\\\/\\\/schema.org\",\"@graph\":[{\"@type\":\"Article\",\"@id\":\"https:\\\/\\\/hammamalandalus.com\\\/blog\\\/dia-mundial-del-bienestar-2024\\\/#article\",\"isPartOf\":{\"@id\":\"https:\\\/\\\/hammamalandalus.com\\\/blog\\\/dia-mundial-del-bienestar-2024\\\/\"},\"author\":{\"name\":\"dacmail\",\"@id\":\"https:\\\/\\\/hammamalandalus.com\\\/blog\\\/#\\\/schema\\\/person\\\/3214d2f2345b44b1cb60a24e9679604f\"},\"headline\":\"D\u00eda Mundial del Bienestar: celebrando la armon\u00eda entre cuerpo y alma\",\"datePublished\":\"2024-06-08T07:45:36+00:00\",\"dateModified\":\"2026-04-09T09:54:32+00:00\",\"mainEntityOfPage\":{\"@id\":\"https:\\\/\\\/hammamalandalus.com\\\/blog\\\/dia-mundial-del-bienestar-2024\\\/\"},\"wordCount\":617,\"commentCount\":0,\"image\":{\"@id\":\"https:\\\/\\\/hammamalandalus.com\\\/blog\\\/dia-mundial-del-bienestar-2024\\\/#primaryimage\"},\"thumbnailUrl\":\"https:\\\/\\\/hammamalandalus.com\\\/blog\\\/wp-content\\\/uploads\\\/2026\\\/03\\\/d5a2501-copia-scaled-1.jpg\",\"keywords\":[\"Almanaque Hammam\",\"C\u00e1tedra Hammam Al \u00c1ndalus I+D+i en Bienestar Humano\",\"Dia Mundial del Bienestar\",\"Hammam Al \u00c1ndalus\"],\"articleSection\":[\"Bienvivir y Salud\",\"Cultura del Agua\"],\"inLanguage\":\"es\",\"potentialAction\":[{\"@type\":\"CommentAction\",\"name\":\"Comment\",\"target\":[\"https:\\\/\\\/hammamalandalus.com\\\/blog\\\/dia-mundial-del-bienestar-2024\\\/#respond\"]}]},{\"@type\":\"WebPage\",\"@id\":\"https:\\\/\\\/hammamalandalus.com\\\/blog\\\/dia-mundial-del-bienestar-2024\\\/\",\"url\":\"https:\\\/\\\/hammamalandalus.com\\\/blog\\\/dia-mundial-del-bienestar-2024\\\/\",\"name\":\"D\u00eda Mundial del Bienestar - Hammam Al \u00c1ndalus\",\"isPartOf\":{\"@id\":\"https:\\\/\\\/hammamalandalus.com\\\/blog\\\/#website\"},\"primaryImageOfPage\":{\"@id\":\"https:\\\/\\\/hammamalandalus.com\\\/blog\\\/dia-mundial-del-bienestar-2024\\\/#primaryimage\"},\"image\":{\"@id\":\"https:\\\/\\\/hammamalandalus.com\\\/blog\\\/dia-mundial-del-bienestar-2024\\\/#primaryimage\"},\"thumbnailUrl\":\"https:\\\/\\\/hammamalandalus.com\\\/blog\\\/wp-content\\\/uploads\\\/2026\\\/03\\\/d5a2501-copia-scaled-1.jpg\",\"datePublished\":\"2024-06-08T07:45:36+00:00\",\"dateModified\":\"2026-04-09T09:54:32+00:00\",\"author\":{\"@id\":\"https:\\\/\\\/hammamalandalus.com\\\/blog\\\/#\\\/schema\\\/person\\\/3214d2f2345b44b1cb60a24e9679604f\"},\"description\":\"Hammam Al \u00c1ndalus y el D\u00eda Mundial del Bienestar comparten una filosof\u00eda: el bienestar es una experiencia que abarca cuerpo, mente y esp\u00edritu.\",\"breadcrumb\":{\"@id\":\"https:\\\/\\\/hammamalandalus.com\\\/blog\\\/dia-mundial-del-bienestar-2024\\\/#breadcrumb\"},\"inLanguage\":\"es\",\"potentialAction\":[{\"@type\":\"ReadAction\",\"target\":[\"https:\\\/\\\/hammamalandalus.com\\\/blog\\\/dia-mundial-del-bienestar-2024\\\/\"]}]},{\"@type\":\"ImageObject\",\"inLanguage\":\"es\",\"@id\":\"https:\\\/\\\/hammamalandalus.com\\\/blog\\\/dia-mundial-del-bienestar-2024\\\/#primaryimage\",\"url\":\"https:\\\/\\\/hammamalandalus.com\\\/blog\\\/wp-content\\\/uploads\\\/2026\\\/03\\\/d5a2501-copia-scaled-1.jpg\",\"contentUrl\":\"https:\\\/\\\/hammamalandalus.com\\\/blog\\\/wp-content\\\/uploads\\\/2026\\\/03\\\/d5a2501-copia-scaled-1.jpg\",\"width\":2560,\"height\":1944},{\"@type\":\"BreadcrumbList\",\"@id\":\"https:\\\/\\\/hammamalandalus.com\\\/blog\\\/dia-mundial-del-bienestar-2024\\\/#breadcrumb\",\"itemListElement\":[{\"@type\":\"ListItem\",\"position\":1,\"name\":\"Portada\",\"item\":\"https:\\\/\\\/hammamalandalus.com\\\/blog\\\/\"},{\"@type\":\"ListItem\",\"position\":2,\"name\":\"D\u00eda Mundial del Bienestar: celebrando la armon\u00eda entre cuerpo y alma\"}]},{\"@type\":\"WebSite\",\"@id\":\"https:\\\/\\\/hammamalandalus.com\\\/blog\\\/#website\",\"url\":\"https:\\\/\\\/hammamalandalus.com\\\/blog\\\/\",\"name\":\"ECOS DE BIENSENTIR, la Revista de Bienestar de Hammam Al \u00c1ndalus\",\"description\":\"\",\"potentialAction\":[{\"@type\":\"SearchAction\",\"target\":{\"@type\":\"EntryPoint\",\"urlTemplate\":\"https:\\\/\\\/hammamalandalus.com\\\/blog\\\/?s={search_term_string}\"},\"query-input\":{\"@type\":\"PropertyValueSpecification\",\"valueRequired\":true,\"valueName\":\"search_term_string\"}}],\"inLanguage\":\"es\"},{\"@type\":\"Person\",\"@id\":\"https:\\\/\\\/hammamalandalus.com\\\/blog\\\/#\\\/schema\\\/person\\\/3214d2f2345b44b1cb60a24e9679604f\",\"name\":\"dacmail\",\"image\":{\"@type\":\"ImageObject\",\"inLanguage\":\"es\",\"@id\":\"https:\\\/\\\/secure.gravatar.com\\\/avatar\\\/6558984ab2dc9134d66f12fd70deb173e481b74f155e0e6108a54b062919436d?s=96&d=mm&r=g\",\"url\":\"https:\\\/\\\/secure.gravatar.com\\\/avatar\\\/6558984ab2dc9134d66f12fd70deb173e481b74f155e0e6108a54b062919436d?s=96&d=mm&r=g\",\"contentUrl\":\"https:\\\/\\\/secure.gravatar.com\\\/avatar\\\/6558984ab2dc9134d66f12fd70deb173e481b74f155e0e6108a54b062919436d?s=96&d=mm&r=g\",\"caption\":\"dacmail\"},\"sameAs\":[\"https:\\\/\\\/hammamalandalus.com\\\/blog\"],\"url\":\"https:\\\/\\\/hammamalandalus.com\\\/blog\\\/author\\\/dacmail\\\/\"}]}<\/script>\n<!-- \/ Yoast SEO plugin. -->","yoast_head_json":{"title":"D\u00eda Mundial del Bienestar - Hammam Al \u00c1ndalus","description":"Hammam Al \u00c1ndalus y el D\u00eda Mundial del Bienestar comparten una filosof\u00eda: el bienestar es una experiencia que abarca cuerpo, mente y esp\u00edritu.","robots":{"index":"index","follow":"follow","max-snippet":"max-snippet:-1","max-image-preview":"max-image-preview:large","max-video-preview":"max-video-preview:-1"},"canonical":"https:\/\/hammamalandalus.com\/blog\/dia-mundial-del-bienestar-2024\/","og_locale":"es_ES","og_type":"article","og_title":"D\u00eda Mundial del Bienestar - Hammam Al \u00c1ndalus","og_description":"Hammam Al \u00c1ndalus y el D\u00eda Mundial del Bienestar comparten una filosof\u00eda: el bienestar es una experiencia que abarca cuerpo, mente y esp\u00edritu.","og_url":"https:\/\/hammamalandalus.com\/blog\/dia-mundial-del-bienestar-2024\/","og_site_name":"ECOS DE BIENSENTIR, la Revista de Bienestar de Hammam Al \u00c1ndalus","article_published_time":"2024-06-08T07:45:36+00:00","article_modified_time":"2026-04-09T09:54:32+00:00","og_image":[{"width":2560,"height":1944,"url":"https:\/\/hammamalandalus.com\/blog\/wp-content\/uploads\/2026\/03\/d5a2501-copia-scaled-1.jpg","type":"image\/jpeg"}],"author":"dacmail","twitter_card":"summary_large_image","twitter_misc":{"Escrito por":"dacmail","Tiempo de lectura":"3 minutos"},"schema":{"@context":"https:\/\/schema.org","@graph":[{"@type":"Article","@id":"https:\/\/hammamalandalus.com\/blog\/dia-mundial-del-bienestar-2024\/#article","isPartOf":{"@id":"https:\/\/hammamalandalus.com\/blog\/dia-mundial-del-bienestar-2024\/"},"author":{"name":"dacmail","@id":"https:\/\/hammamalandalus.com\/blog\/#\/schema\/person\/3214d2f2345b44b1cb60a24e9679604f"},"headline":"D\u00eda Mundial del Bienestar: celebrando la armon\u00eda entre cuerpo y alma","datePublished":"2024-06-08T07:45:36+00:00","dateModified":"2026-04-09T09:54:32+00:00","mainEntityOfPage":{"@id":"https:\/\/hammamalandalus.com\/blog\/dia-mundial-del-bienestar-2024\/"},"wordCount":617,"commentCount":0,"image":{"@id":"https:\/\/hammamalandalus.com\/blog\/dia-mundial-del-bienestar-2024\/#primaryimage"},"thumbnailUrl":"https:\/\/hammamalandalus.com\/blog\/wp-content\/uploads\/2026\/03\/d5a2501-copia-scaled-1.jpg","keywords":["Almanaque Hammam","C\u00e1tedra Hammam Al \u00c1ndalus I+D+i en Bienestar Humano","Dia Mundial del Bienestar","Hammam Al \u00c1ndalus"],"articleSection":["Bienvivir y Salud","Cultura del Agua"],"inLanguage":"es","potentialAction":[{"@type":"CommentAction","name":"Comment","target":["https:\/\/hammamalandalus.com\/blog\/dia-mundial-del-bienestar-2024\/#respond"]}]},{"@type":"WebPage","@id":"https:\/\/hammamalandalus.com\/blog\/dia-mundial-del-bienestar-2024\/","url":"https:\/\/hammamalandalus.com\/blog\/dia-mundial-del-bienestar-2024\/","name":"D\u00eda Mundial del Bienestar - Hammam Al \u00c1ndalus","isPartOf":{"@id":"https:\/\/hammamalandalus.com\/blog\/#website"},"primaryImageOfPage":{"@id":"https:\/\/hammamalandalus.com\/blog\/dia-mundial-del-bienestar-2024\/#primaryimage"},"image":{"@id":"https:\/\/hammamalandalus.com\/blog\/dia-mundial-del-bienestar-2024\/#primaryimage"},"thumbnailUrl":"https:\/\/hammamalandalus.com\/blog\/wp-content\/uploads\/2026\/03\/d5a2501-copia-scaled-1.jpg","datePublished":"2024-06-08T07:45:36+00:00","dateModified":"2026-04-09T09:54:32+00:00","author":{"@id":"https:\/\/hammamalandalus.com\/blog\/#\/schema\/person\/3214d2f2345b44b1cb60a24e9679604f"},"description":"Hammam Al \u00c1ndalus y el D\u00eda Mundial del Bienestar comparten una filosof\u00eda: el bienestar es una experiencia que abarca cuerpo, mente y esp\u00edritu.","breadcrumb":{"@id":"https:\/\/hammamalandalus.com\/blog\/dia-mundial-del-bienestar-2024\/#breadcrumb"},"inLanguage":"es","potentialAction":[{"@type":"ReadAction","target":["https:\/\/hammamalandalus.com\/blog\/dia-mundial-del-bienestar-2024\/"]}]},{"@type":"ImageObject","inLanguage":"es","@id":"https:\/\/hammamalandalus.com\/blog\/dia-mundial-del-bienestar-2024\/#primaryimage","url":"https:\/\/hammamalandalus.com\/blog\/wp-content\/uploads\/2026\/03\/d5a2501-copia-scaled-1.jpg","contentUrl":"https:\/\/hammamalandalus.com\/blog\/wp-content\/uploads\/2026\/03\/d5a2501-copia-scaled-1.jpg","width":2560,"height":1944},{"@type":"BreadcrumbList","@id":"https:\/\/hammamalandalus.com\/blog\/dia-mundial-del-bienestar-2024\/#breadcrumb","itemListElement":[{"@type":"ListItem","position":1,"name":"Portada","item":"https:\/\/hammamalandalus.com\/blog\/"},{"@type":"ListItem","position":2,"name":"D\u00eda Mundial del Bienestar: celebrando la armon\u00eda entre cuerpo y alma"}]},{"@type":"WebSite","@id":"https:\/\/hammamalandalus.com\/blog\/#website","url":"https:\/\/hammamalandalus.com\/blog\/","name":"ECOS DE BIENSENTIR, la Revista de Bienestar de Hammam Al \u00c1ndalus","description":"","potentialAction":[{"@type":"SearchAction","target":{"@type":"EntryPoint","urlTemplate":"https:\/\/hammamalandalus.com\/blog\/?s={search_term_string}"},"query-input":{"@type":"PropertyValueSpecification","valueRequired":true,"valueName":"search_term_string"}}],"inLanguage":"es"},{"@type":"Person","@id":"https:\/\/hammamalandalus.com\/blog\/#\/schema\/person\/3214d2f2345b44b1cb60a24e9679604f","name":"dacmail","image":{"@type":"ImageObject","inLanguage":"es","@id":"https:\/\/secure.gravatar.com\/avatar\/6558984ab2dc9134d66f12fd70deb173e481b74f155e0e6108a54b062919436d?s=96&d=mm&r=g","url":"https:\/\/secure.gravatar.com\/avatar\/6558984ab2dc9134d66f12fd70deb173e481b74f155e0e6108a54b062919436d?s=96&d=mm&r=g","contentUrl":"https:\/\/secure.gravatar.com\/avatar\/6558984ab2dc9134d66f12fd70deb173e481b74f155e0e6108a54b062919436d?s=96&d=mm&r=g","caption":"dacmail"},"sameAs":["https:\/\/hammamalandalus.com\/blog"],"url":"https:\/\/hammamalandalus.com\/blog\/author\/dacmail\/"}]}},"_links":{"self":[{"href":"https:\/\/hammamalandalus.com\/blog\/wp-json\/wp\/v2\/posts\/4884","targetHints":{"allow":["GET"]}}],"collection":[{"href":"https:\/\/hammamalandalus.com\/blog\/wp-json\/wp\/v2\/posts"}],"about":[{"href":"https:\/\/hammamalandalus.com\/blog\/wp-json\/wp\/v2\/types\/post"}],"author":[{"embeddable":true,"href":"https:\/\/hammamalandalus.com\/blog\/wp-json\/wp\/v2\/users\/1"}],"replies":[{"embeddable":true,"href":"https:\/\/hammamalandalus.com\/blog\/wp-json\/wp\/v2\/comments?post=4884"}],"version-history":[{"count":3,"href":"https:\/\/hammamalandalus.com\/blog\/wp-json\/wp\/v2\/posts\/4884\/revisions"}],"predecessor-version":[{"id":6492,"href":"https:\/\/hammamalandalus.com\/blog\/wp-json\/wp\/v2\/posts\/4884\/revisions\/6492"}],"wp:featuredmedia":[{"embeddable":true,"href":"https:\/\/hammamalandalus.com\/blog\/wp-json\/wp\/v2\/media\/4887"}],"wp:attachment":[{"href":"https:\/\/hammamalandalus.com\/blog\/wp-json\/wp\/v2\/media?parent=4884"}],"wp:term":[{"taxonomy":"category","embeddable":true,"href":"https:\/\/hammamalandalus.com\/blog\/wp-json\/wp\/v2\/categories?post=4884"},{"taxonomy":"post_tag","embeddable":true,"href":"https:\/\/hammamalandalus.com\/blog\/wp-json\/wp\/v2\/tags?post=4884"}],"curies":[{"name":"wp","href":"https:\/\/api.w.org\/{rel}","templated":true}]}}