{"id":4882,"date":"2024-05-29T13:35:18","date_gmt":"2024-05-29T11:35:18","guid":{"rendered":"http:\/\/bloghammam.localhost\/2024\/05\/29\/un-viaje-por-la-historia-de-al-andalus\/"},"modified":"2026-04-09T11:54:32","modified_gmt":"2026-04-09T09:54:32","slug":"un-viaje-por-la-historia-de-al-andalus","status":"publish","type":"post","link":"https:\/\/hammamalandalus.com\/blog\/un-viaje-por-la-historia-de-al-andalus\/","title":{"rendered":"Un viaje por la historia de Al \u00c1ndalus"},"content":{"rendered":"<p>Durante ocho siglos, la Pen\u00ednsula Ib\u00e9rica estuvo bajo el poder musulm\u00e1n. Ese per\u00edodo de esplendor dio lugar a un legado multicultural \u00fanico, pues la convivencia de musulmanes, cristianos y jud\u00edos convirti\u00f3 nuestras ciudades en centros de aprendizaje y progreso, dando origen a avances cient\u00edficos, art\u00edsticos y filos\u00f3ficos claves para nuestra civilizaci\u00f3n. La coexistencia de diversas culturas, saberes y religiones fue el germen de la riqueza de una herencia que todav\u00eda hoy disfrutamos. Te damos la bienvenida a este viaje por la <strong>historia de Al \u00c1ndalus<\/strong>.<br \/>\n<!--more--><\/p>\n<h2><strong>Marcando el tiempo: cronolog\u00eda de Al \u00c1ndalus<\/strong><\/h2>\n<p>La historia de Al \u00c1ndalus se extendi\u00f3 <strong>desde el a\u00f1o 711 al 1492<\/strong>. Pero no siempre ese territorio fue el mismo. La conquista musulmana lleg\u00f3 hasta lo que hoy en d\u00eda conocemos como Espa\u00f1a, Portugal, Francia, Andorra y Gibraltar, aunque ocupando mayor o menor extensi\u00f3n dependiendo de cada per\u00edodo.<\/p>\n<p>El inicio de la historia de Al \u00c1ndalus comenz\u00f3 cuando 18.000 combatientes, bajo las \u00f3rdenes de Tariq ibn Ziyad -el lugarteniente del entonces gobernador del Norte de \u00c1frica, Musa ibn Musayr- se trasladaron desde Ceuta y T\u00e1nger hasta Gibraltar, aprovechando la decadencia de la monarqu\u00eda visigoda.<\/p>\n<p>Los ej\u00e9rcitos de Don Rodrigo fueron derrotados en la batalla de Guadalete y, en apenas tres a\u00f1os, las tropas musulmanas ya hab\u00edan completado su ocupaci\u00f3n en la Pen\u00ednsula, salvo en algunos territorios de Cantabria y los Pirineos. Los asturianos detuvieron el avance en la batalla de Covadonga (722) y los francos hicieron lo propio en Poitiers (732) para frenar su extensi\u00f3n por Europa.<\/p>\n<p>En esos primeros a\u00f1os, grupos y familias \u00e1rabes del Norte de \u00c1frica, as\u00ed como ber\u00e9beres del Magreb, penetraron en la Pen\u00ednsula hasta asentarse.<\/p>\n<p>Tras la conquista, <strong>Al \u00c1ndalus se integr\u00f3 en el Califato Omeya<\/strong>, que gobernaba en Damasco, hasta que en el a\u00f1o 756 se produjo una ruptura en la dinast\u00eda que termin\u00f3 con la fundaci\u00f3n del Emirato de C\u00f3rdoba a manos de Abderrahman, un pr\u00edncipe omeya huido de Damasco.<\/p>\n<p>Comenz\u00f3 una <strong>\u00e9poca de brillo cultural<\/strong> en la que, sin embargo, se sucedieron hasta ocho emires. Fue en el a\u00f1o 929 cuando Abderrahman III fund\u00f3 un califato para independizarse por completo de Oriente. As\u00ed comenz\u00f3 una etapa de esplendor en la ciencia, la poes\u00eda, la filosof\u00eda o la arquitectura, con la construcci\u00f3n de la mezquita de C\u00f3rdoba o de la ciudad palatina de Madinat al-Zahra.<\/p>\n<h3><strong>El mosaico cultural de los reinos de taifas<\/strong><\/h3>\n<p>Pese al esplendor que se viv\u00eda entonces, la historia de Al \u00c1ndalus tambi\u00e9n se vio expuesta a la inestabilidad y el Califato Omeya fue abolido tras m\u00e1s de veinte a\u00f1os de guerra civil.<\/p>\n<p>La divisi\u00f3n fue tal que, en la lucha por el poder, las grandes familias \u00e1rabes, ber\u00e9beres y mulad\u00edes se establecieron en los conocidos como <strong>reinos de taifas<\/strong>, entre los que destacaron los de ciudades como Granada, Toledo, Zaragoza, Sevilla o Almer\u00eda.<\/p>\n<p>Esa divisi\u00f3n, sin embargo, fue aprovechada por los cristianos para avanzar, obteniendo victorias tan significativas como la protagonizada por Alfonso VI en Toledo en 1085.<\/p>\n<h3><strong>Los almor\u00e1vides y almohades en la Pen\u00ednsula<\/strong><\/h3>\n<p>A finales del siglo XI, en el Magreb occidental <strong>surgi\u00f3 la dinast\u00eda almor\u00e1vide<\/strong>, un nuevo movimiento pol\u00edtico y religioso de una tribu ber\u00e9ber al que los reinos de taifas tuvieron que pedir ayuda para detener el avance cristiano.<\/p>\n<p>Fue entonces cuando los almor\u00e1vides penetraron en la Pen\u00ednsula Ib\u00e9rica para plantar cara a Alfonso VI y, de paso, tomar el gobierno de Al \u00c1ndalus y acabar con los reinos de taifas.<\/p>\n<p>Eso no les impidi\u00f3 perder territorio a manos cristianas, lo que dio pie a los almohades -un nuevo movimiento religioso tambi\u00e9n surgido en el Magreb- a tomar el relevo en la Pen\u00ednsula.<\/p>\n<p>Los <strong>almohades, que eligieron Sevilla como capital<\/strong>, dieron algo de estabilidad a Al \u00c1ndalus, lo que se tradujo en prosperidad econ\u00f3mica y tambi\u00e9n cultural. Sin embargo, su declive comenz\u00f3 con la derrota en 1212 en la batalla de las Navas de Tolosa a manos de los ej\u00e9rcitos de Castilla y Arag\u00f3n.<\/p>\n<h3><strong>La dinast\u00eda nazar\u00ed y el legado perpetuo de Al \u00c1ndalus<\/strong><\/h3>\n<p><strong>Al avance cristiano s\u00f3lo resisti\u00f3 el reino de Granada<\/strong>, con la dinast\u00eda nazar\u00ed al frente. Aguant\u00f3 250 a\u00f1os como el \u00faltimo territorio musulm\u00e1n de la Pen\u00ednsula Ib\u00e9rica, dejando huellas culturales tan esplendorosas como la Alhambra y el Generalife.<\/p>\n<p>Finalmente, en 1492, las tropas cristianas recuperaron la ciudad de Granada, entregada por el \u00faltimo rey nazar\u00ed, Boabdil, quien acab\u00f3 cruzando el Estrecho para instalarse en Fez. Fue el final de la historia de Al \u00c1ndalus pero no de su herencia.<\/p>\n<h2><strong>\u00bfA\u00fan no conoces los ba\u00f1os \u00e1rabes de Hammam?<\/strong><\/h2>\n<p>Al \u00c1ndalus fue centro de transmisi\u00f3n y creaci\u00f3n y el legado andalus\u00ed tuvo una gran trascendencia por su contribuci\u00f3n a campos tan diversos como la medicina, la astronom\u00eda o las matem\u00e1ticas. Sus saberes y aportaciones se convirtieron en hitos de la \u00e9poca y esa impronta qued\u00f3 reflejada de diversas formas que todav\u00eda hoy siguen estando presentes.<\/p>\n<p>Fortalezas, castillos, alcazabas\u2026 Son muchas las construcciones que todav\u00eda hoy nos recuerdan la historia de Al \u00c1ndalus. Una de ellas son los hammam o ba\u00f1os \u00e1rabes, que en su origen se concibieron como ba\u00f1os p\u00fablicos que funcionaban como punto de encuentro social, con separaci\u00f3n entre hombres y mujeres.<\/p>\n<p>El ba\u00f1o en el mundo isl\u00e1mico fue adquiriendo un <strong>car\u00e1cter ritual y purificador que, hoy en d\u00eda, sirve como inspiraci\u00f3n a Hammam Al \u00c1ndalus<\/strong>. Entendemos el agua como medio para la salud y la curaci\u00f3n, a trav\u00e9s del contraste de temperaturas. Eso contribuye al equilibrio y, por tanto, al bienestar, no s\u00f3lo desde el punto de vista f\u00edsico sino tambi\u00e9n mental y espiritual.<\/p>\n<p>Una <a href=\"https:\/\/hammamalandalus.com\/\">experiencia en Hammam<\/a> est\u00e1 dise\u00f1ada para proponerte <strong>un viaje a trav\u00e9s de los sentidos y conectar con tu naturaleza interior<\/strong>. Este espacio te permite seguir tu propio camino y vivir tu propia experiencia. S\u00f3lo tienes que dejarte llevar.<\/p>\n<p>Hammam es la reinterpretaci\u00f3n actual de los antiguos ba\u00f1os \u00e1rabes, con la inspiraci\u00f3n de la historia de Al \u00c1ndalus, pero con un concepto muy distinto al que puedes encontrar hoy en d\u00eda en otros pa\u00edses del mundo.<\/p>\n","protected":false},"excerpt":{"rendered":"<p>Durante ocho siglos, la Pen\u00ednsula Ib\u00e9rica estuvo bajo el poder musulm\u00e1n. Ese per\u00edodo de esplendor dio lugar a un legado multicultural \u00fanico, pues la convivencia de musulmanes, cristianos y jud\u00edos convirti\u00f3 nuestras ciudades en centros de aprendizaje y progreso, dando origen a avances cient\u00edficos, art\u00edsticos y filos\u00f3ficos claves para nuestra civilizaci\u00f3n. La coexistencia de diversas &hellip;<\/p>\n","protected":false},"author":1,"featured_media":4883,"comment_status":"open","ping_status":"open","sticky":false,"template":"","format":"standard","meta":{"_acf_changed":false,"footnotes":""},"categories":[55],"tags":[],"class_list":["post-4882","post","type-post","status-publish","format-standard","has-post-thumbnail","hentry","category-proposito-y-cultura"],"acf":[],"yoast_head":"<!-- This site is optimized with the Yoast SEO plugin v27.4 - https:\/\/yoast.com\/product\/yoast-seo-wordpress\/ -->\n<title>Cultura e historia del Al \u00c1ndalus | Hammam Al \u00c1ndalus<\/title>\n<meta name=\"description\" content=\"Explora la rica historia de Al \u00c1ndalus, un per\u00edodo dorado en la historia de la Pen\u00ednsula Ib\u00e9rica, donde convivieron m\u00faltiples culturas, religiones y saberes.\" \/>\n<meta name=\"robots\" content=\"index, follow, max-snippet:-1, max-image-preview:large, max-video-preview:-1\" \/>\n<link rel=\"canonical\" href=\"https:\/\/hammamalandalus.com\/blog\/un-viaje-por-la-historia-de-al-andalus\/\" \/>\n<meta property=\"og:locale\" content=\"es_ES\" \/>\n<meta property=\"og:type\" content=\"article\" \/>\n<meta property=\"og:title\" content=\"Cultura e historia del Al \u00c1ndalus | Hammam Al \u00c1ndalus\" \/>\n<meta property=\"og:description\" content=\"Explora la rica historia de Al \u00c1ndalus, un per\u00edodo dorado en la historia de la Pen\u00ednsula Ib\u00e9rica, donde convivieron m\u00faltiples culturas, religiones y saberes.\" \/>\n<meta property=\"og:url\" content=\"https:\/\/hammamalandalus.com\/blog\/un-viaje-por-la-historia-de-al-andalus\/\" \/>\n<meta property=\"og:site_name\" content=\"ECOS DE BIENSENTIR, la Revista de Bienestar de Hammam Al \u00c1ndalus\" \/>\n<meta property=\"article:published_time\" content=\"2024-05-29T11:35:18+00:00\" \/>\n<meta property=\"article:modified_time\" content=\"2026-04-09T09:54:32+00:00\" \/>\n<meta property=\"og:image\" content=\"https:\/\/hammamalandalus.com\/blog\/wp-content\/uploads\/2026\/03\/grx-branding-arquitectura-2019-018.jpg\" \/>\n\t<meta property=\"og:image:width\" content=\"1200\" \/>\n\t<meta property=\"og:image:height\" content=\"800\" \/>\n\t<meta property=\"og:image:type\" content=\"image\/jpeg\" \/>\n<meta name=\"author\" content=\"dacmail\" \/>\n<meta name=\"twitter:card\" content=\"summary_large_image\" \/>\n<meta name=\"twitter:label1\" content=\"Escrito por\" \/>\n\t<meta name=\"twitter:data1\" content=\"dacmail\" \/>\n\t<meta name=\"twitter:label2\" content=\"Tiempo de lectura\" \/>\n\t<meta name=\"twitter:data2\" content=\"5 minutos\" \/>\n<script type=\"application\/ld+json\" class=\"yoast-schema-graph\">{\"@context\":\"https:\\\/\\\/schema.org\",\"@graph\":[{\"@type\":\"Article\",\"@id\":\"https:\\\/\\\/hammamalandalus.com\\\/blog\\\/un-viaje-por-la-historia-de-al-andalus\\\/#article\",\"isPartOf\":{\"@id\":\"https:\\\/\\\/hammamalandalus.com\\\/blog\\\/un-viaje-por-la-historia-de-al-andalus\\\/\"},\"author\":{\"name\":\"dacmail\",\"@id\":\"https:\\\/\\\/hammamalandalus.com\\\/blog\\\/#\\\/schema\\\/person\\\/3214d2f2345b44b1cb60a24e9679604f\"},\"headline\":\"Un viaje por la historia de Al \u00c1ndalus\",\"datePublished\":\"2024-05-29T11:35:18+00:00\",\"dateModified\":\"2026-04-09T09:54:32+00:00\",\"mainEntityOfPage\":{\"@id\":\"https:\\\/\\\/hammamalandalus.com\\\/blog\\\/un-viaje-por-la-historia-de-al-andalus\\\/\"},\"wordCount\":1088,\"commentCount\":0,\"image\":{\"@id\":\"https:\\\/\\\/hammamalandalus.com\\\/blog\\\/un-viaje-por-la-historia-de-al-andalus\\\/#primaryimage\"},\"thumbnailUrl\":\"https:\\\/\\\/hammamalandalus.com\\\/blog\\\/wp-content\\\/uploads\\\/2026\\\/03\\\/grx-branding-arquitectura-2019-018.jpg\",\"articleSection\":[\"Prop\u00f3sito y cultura\"],\"inLanguage\":\"es\",\"potentialAction\":[{\"@type\":\"CommentAction\",\"name\":\"Comment\",\"target\":[\"https:\\\/\\\/hammamalandalus.com\\\/blog\\\/un-viaje-por-la-historia-de-al-andalus\\\/#respond\"]}]},{\"@type\":\"WebPage\",\"@id\":\"https:\\\/\\\/hammamalandalus.com\\\/blog\\\/un-viaje-por-la-historia-de-al-andalus\\\/\",\"url\":\"https:\\\/\\\/hammamalandalus.com\\\/blog\\\/un-viaje-por-la-historia-de-al-andalus\\\/\",\"name\":\"Cultura e historia del Al \u00c1ndalus | Hammam Al \u00c1ndalus\",\"isPartOf\":{\"@id\":\"https:\\\/\\\/hammamalandalus.com\\\/blog\\\/#website\"},\"primaryImageOfPage\":{\"@id\":\"https:\\\/\\\/hammamalandalus.com\\\/blog\\\/un-viaje-por-la-historia-de-al-andalus\\\/#primaryimage\"},\"image\":{\"@id\":\"https:\\\/\\\/hammamalandalus.com\\\/blog\\\/un-viaje-por-la-historia-de-al-andalus\\\/#primaryimage\"},\"thumbnailUrl\":\"https:\\\/\\\/hammamalandalus.com\\\/blog\\\/wp-content\\\/uploads\\\/2026\\\/03\\\/grx-branding-arquitectura-2019-018.jpg\",\"datePublished\":\"2024-05-29T11:35:18+00:00\",\"dateModified\":\"2026-04-09T09:54:32+00:00\",\"author\":{\"@id\":\"https:\\\/\\\/hammamalandalus.com\\\/blog\\\/#\\\/schema\\\/person\\\/3214d2f2345b44b1cb60a24e9679604f\"},\"description\":\"Explora la rica historia de Al \u00c1ndalus, un per\u00edodo dorado en la historia de la Pen\u00ednsula Ib\u00e9rica, donde convivieron m\u00faltiples culturas, religiones y saberes.\",\"breadcrumb\":{\"@id\":\"https:\\\/\\\/hammamalandalus.com\\\/blog\\\/un-viaje-por-la-historia-de-al-andalus\\\/#breadcrumb\"},\"inLanguage\":\"es\",\"potentialAction\":[{\"@type\":\"ReadAction\",\"target\":[\"https:\\\/\\\/hammamalandalus.com\\\/blog\\\/un-viaje-por-la-historia-de-al-andalus\\\/\"]}]},{\"@type\":\"ImageObject\",\"inLanguage\":\"es\",\"@id\":\"https:\\\/\\\/hammamalandalus.com\\\/blog\\\/un-viaje-por-la-historia-de-al-andalus\\\/#primaryimage\",\"url\":\"https:\\\/\\\/hammamalandalus.com\\\/blog\\\/wp-content\\\/uploads\\\/2026\\\/03\\\/grx-branding-arquitectura-2019-018.jpg\",\"contentUrl\":\"https:\\\/\\\/hammamalandalus.com\\\/blog\\\/wp-content\\\/uploads\\\/2026\\\/03\\\/grx-branding-arquitectura-2019-018.jpg\",\"width\":1200,\"height\":800},{\"@type\":\"BreadcrumbList\",\"@id\":\"https:\\\/\\\/hammamalandalus.com\\\/blog\\\/un-viaje-por-la-historia-de-al-andalus\\\/#breadcrumb\",\"itemListElement\":[{\"@type\":\"ListItem\",\"position\":1,\"name\":\"Portada\",\"item\":\"https:\\\/\\\/hammamalandalus.com\\\/blog\\\/\"},{\"@type\":\"ListItem\",\"position\":2,\"name\":\"Un viaje por la historia de Al \u00c1ndalus\"}]},{\"@type\":\"WebSite\",\"@id\":\"https:\\\/\\\/hammamalandalus.com\\\/blog\\\/#website\",\"url\":\"https:\\\/\\\/hammamalandalus.com\\\/blog\\\/\",\"name\":\"ECOS DE BIENSENTIR, la Revista de Bienestar de Hammam Al \u00c1ndalus\",\"description\":\"\",\"potentialAction\":[{\"@type\":\"SearchAction\",\"target\":{\"@type\":\"EntryPoint\",\"urlTemplate\":\"https:\\\/\\\/hammamalandalus.com\\\/blog\\\/?s={search_term_string}\"},\"query-input\":{\"@type\":\"PropertyValueSpecification\",\"valueRequired\":true,\"valueName\":\"search_term_string\"}}],\"inLanguage\":\"es\"},{\"@type\":\"Person\",\"@id\":\"https:\\\/\\\/hammamalandalus.com\\\/blog\\\/#\\\/schema\\\/person\\\/3214d2f2345b44b1cb60a24e9679604f\",\"name\":\"dacmail\",\"image\":{\"@type\":\"ImageObject\",\"inLanguage\":\"es\",\"@id\":\"https:\\\/\\\/secure.gravatar.com\\\/avatar\\\/6558984ab2dc9134d66f12fd70deb173e481b74f155e0e6108a54b062919436d?s=96&d=mm&r=g\",\"url\":\"https:\\\/\\\/secure.gravatar.com\\\/avatar\\\/6558984ab2dc9134d66f12fd70deb173e481b74f155e0e6108a54b062919436d?s=96&d=mm&r=g\",\"contentUrl\":\"https:\\\/\\\/secure.gravatar.com\\\/avatar\\\/6558984ab2dc9134d66f12fd70deb173e481b74f155e0e6108a54b062919436d?s=96&d=mm&r=g\",\"caption\":\"dacmail\"},\"sameAs\":[\"https:\\\/\\\/hammamalandalus.com\\\/blog\"],\"url\":\"https:\\\/\\\/hammamalandalus.com\\\/blog\\\/author\\\/dacmail\\\/\"}]}<\/script>\n<!-- \/ Yoast SEO plugin. -->","yoast_head_json":{"title":"Cultura e historia del Al \u00c1ndalus | Hammam Al \u00c1ndalus","description":"Explora la rica historia de Al \u00c1ndalus, un per\u00edodo dorado en la historia de la Pen\u00ednsula Ib\u00e9rica, donde convivieron m\u00faltiples culturas, religiones y saberes.","robots":{"index":"index","follow":"follow","max-snippet":"max-snippet:-1","max-image-preview":"max-image-preview:large","max-video-preview":"max-video-preview:-1"},"canonical":"https:\/\/hammamalandalus.com\/blog\/un-viaje-por-la-historia-de-al-andalus\/","og_locale":"es_ES","og_type":"article","og_title":"Cultura e historia del Al \u00c1ndalus | Hammam Al \u00c1ndalus","og_description":"Explora la rica historia de Al \u00c1ndalus, un per\u00edodo dorado en la historia de la Pen\u00ednsula Ib\u00e9rica, donde convivieron m\u00faltiples culturas, religiones y saberes.","og_url":"https:\/\/hammamalandalus.com\/blog\/un-viaje-por-la-historia-de-al-andalus\/","og_site_name":"ECOS DE BIENSENTIR, la Revista de Bienestar de Hammam Al \u00c1ndalus","article_published_time":"2024-05-29T11:35:18+00:00","article_modified_time":"2026-04-09T09:54:32+00:00","og_image":[{"width":1200,"height":800,"url":"https:\/\/hammamalandalus.com\/blog\/wp-content\/uploads\/2026\/03\/grx-branding-arquitectura-2019-018.jpg","type":"image\/jpeg"}],"author":"dacmail","twitter_card":"summary_large_image","twitter_misc":{"Escrito por":"dacmail","Tiempo de lectura":"5 minutos"},"schema":{"@context":"https:\/\/schema.org","@graph":[{"@type":"Article","@id":"https:\/\/hammamalandalus.com\/blog\/un-viaje-por-la-historia-de-al-andalus\/#article","isPartOf":{"@id":"https:\/\/hammamalandalus.com\/blog\/un-viaje-por-la-historia-de-al-andalus\/"},"author":{"name":"dacmail","@id":"https:\/\/hammamalandalus.com\/blog\/#\/schema\/person\/3214d2f2345b44b1cb60a24e9679604f"},"headline":"Un viaje por la historia de Al \u00c1ndalus","datePublished":"2024-05-29T11:35:18+00:00","dateModified":"2026-04-09T09:54:32+00:00","mainEntityOfPage":{"@id":"https:\/\/hammamalandalus.com\/blog\/un-viaje-por-la-historia-de-al-andalus\/"},"wordCount":1088,"commentCount":0,"image":{"@id":"https:\/\/hammamalandalus.com\/blog\/un-viaje-por-la-historia-de-al-andalus\/#primaryimage"},"thumbnailUrl":"https:\/\/hammamalandalus.com\/blog\/wp-content\/uploads\/2026\/03\/grx-branding-arquitectura-2019-018.jpg","articleSection":["Prop\u00f3sito y cultura"],"inLanguage":"es","potentialAction":[{"@type":"CommentAction","name":"Comment","target":["https:\/\/hammamalandalus.com\/blog\/un-viaje-por-la-historia-de-al-andalus\/#respond"]}]},{"@type":"WebPage","@id":"https:\/\/hammamalandalus.com\/blog\/un-viaje-por-la-historia-de-al-andalus\/","url":"https:\/\/hammamalandalus.com\/blog\/un-viaje-por-la-historia-de-al-andalus\/","name":"Cultura e historia del Al \u00c1ndalus | Hammam Al \u00c1ndalus","isPartOf":{"@id":"https:\/\/hammamalandalus.com\/blog\/#website"},"primaryImageOfPage":{"@id":"https:\/\/hammamalandalus.com\/blog\/un-viaje-por-la-historia-de-al-andalus\/#primaryimage"},"image":{"@id":"https:\/\/hammamalandalus.com\/blog\/un-viaje-por-la-historia-de-al-andalus\/#primaryimage"},"thumbnailUrl":"https:\/\/hammamalandalus.com\/blog\/wp-content\/uploads\/2026\/03\/grx-branding-arquitectura-2019-018.jpg","datePublished":"2024-05-29T11:35:18+00:00","dateModified":"2026-04-09T09:54:32+00:00","author":{"@id":"https:\/\/hammamalandalus.com\/blog\/#\/schema\/person\/3214d2f2345b44b1cb60a24e9679604f"},"description":"Explora la rica historia de Al \u00c1ndalus, un per\u00edodo dorado en la historia de la Pen\u00ednsula Ib\u00e9rica, donde convivieron m\u00faltiples culturas, religiones y saberes.","breadcrumb":{"@id":"https:\/\/hammamalandalus.com\/blog\/un-viaje-por-la-historia-de-al-andalus\/#breadcrumb"},"inLanguage":"es","potentialAction":[{"@type":"ReadAction","target":["https:\/\/hammamalandalus.com\/blog\/un-viaje-por-la-historia-de-al-andalus\/"]}]},{"@type":"ImageObject","inLanguage":"es","@id":"https:\/\/hammamalandalus.com\/blog\/un-viaje-por-la-historia-de-al-andalus\/#primaryimage","url":"https:\/\/hammamalandalus.com\/blog\/wp-content\/uploads\/2026\/03\/grx-branding-arquitectura-2019-018.jpg","contentUrl":"https:\/\/hammamalandalus.com\/blog\/wp-content\/uploads\/2026\/03\/grx-branding-arquitectura-2019-018.jpg","width":1200,"height":800},{"@type":"BreadcrumbList","@id":"https:\/\/hammamalandalus.com\/blog\/un-viaje-por-la-historia-de-al-andalus\/#breadcrumb","itemListElement":[{"@type":"ListItem","position":1,"name":"Portada","item":"https:\/\/hammamalandalus.com\/blog\/"},{"@type":"ListItem","position":2,"name":"Un viaje por la historia de Al \u00c1ndalus"}]},{"@type":"WebSite","@id":"https:\/\/hammamalandalus.com\/blog\/#website","url":"https:\/\/hammamalandalus.com\/blog\/","name":"ECOS DE BIENSENTIR, la Revista de Bienestar de Hammam Al \u00c1ndalus","description":"","potentialAction":[{"@type":"SearchAction","target":{"@type":"EntryPoint","urlTemplate":"https:\/\/hammamalandalus.com\/blog\/?s={search_term_string}"},"query-input":{"@type":"PropertyValueSpecification","valueRequired":true,"valueName":"search_term_string"}}],"inLanguage":"es"},{"@type":"Person","@id":"https:\/\/hammamalandalus.com\/blog\/#\/schema\/person\/3214d2f2345b44b1cb60a24e9679604f","name":"dacmail","image":{"@type":"ImageObject","inLanguage":"es","@id":"https:\/\/secure.gravatar.com\/avatar\/6558984ab2dc9134d66f12fd70deb173e481b74f155e0e6108a54b062919436d?s=96&d=mm&r=g","url":"https:\/\/secure.gravatar.com\/avatar\/6558984ab2dc9134d66f12fd70deb173e481b74f155e0e6108a54b062919436d?s=96&d=mm&r=g","contentUrl":"https:\/\/secure.gravatar.com\/avatar\/6558984ab2dc9134d66f12fd70deb173e481b74f155e0e6108a54b062919436d?s=96&d=mm&r=g","caption":"dacmail"},"sameAs":["https:\/\/hammamalandalus.com\/blog"],"url":"https:\/\/hammamalandalus.com\/blog\/author\/dacmail\/"}]}},"_links":{"self":[{"href":"https:\/\/hammamalandalus.com\/blog\/wp-json\/wp\/v2\/posts\/4882","targetHints":{"allow":["GET"]}}],"collection":[{"href":"https:\/\/hammamalandalus.com\/blog\/wp-json\/wp\/v2\/posts"}],"about":[{"href":"https:\/\/hammamalandalus.com\/blog\/wp-json\/wp\/v2\/types\/post"}],"author":[{"embeddable":true,"href":"https:\/\/hammamalandalus.com\/blog\/wp-json\/wp\/v2\/users\/1"}],"replies":[{"embeddable":true,"href":"https:\/\/hammamalandalus.com\/blog\/wp-json\/wp\/v2\/comments?post=4882"}],"version-history":[{"count":1,"href":"https:\/\/hammamalandalus.com\/blog\/wp-json\/wp\/v2\/posts\/4882\/revisions"}],"predecessor-version":[{"id":6490,"href":"https:\/\/hammamalandalus.com\/blog\/wp-json\/wp\/v2\/posts\/4882\/revisions\/6490"}],"wp:featuredmedia":[{"embeddable":true,"href":"https:\/\/hammamalandalus.com\/blog\/wp-json\/wp\/v2\/media\/4883"}],"wp:attachment":[{"href":"https:\/\/hammamalandalus.com\/blog\/wp-json\/wp\/v2\/media?parent=4882"}],"wp:term":[{"taxonomy":"category","embeddable":true,"href":"https:\/\/hammamalandalus.com\/blog\/wp-json\/wp\/v2\/categories?post=4882"},{"taxonomy":"post_tag","embeddable":true,"href":"https:\/\/hammamalandalus.com\/blog\/wp-json\/wp\/v2\/tags?post=4882"}],"curies":[{"name":"wp","href":"https:\/\/api.w.org\/{rel}","templated":true}]}}