{"id":4245,"date":"2020-11-16T11:22:31","date_gmt":"2020-11-16T10:22:31","guid":{"rendered":"http:\/\/bloghammam.localhost\/2020\/11\/16\/relajacion-y-meditacion-pandemia\/"},"modified":"2026-04-09T11:53:42","modified_gmt":"2026-04-09T09:53:42","slug":"relajacion-y-meditacion-pandemia","status":"publish","type":"post","link":"https:\/\/hammamalandalus.com\/blog\/relajacion-y-meditacion-pandemia\/","title":{"rendered":"Relajaci\u00f3n y meditaci\u00f3n guiada para afrontar esta \u00e9poca de pandemia"},"content":{"rendered":"<p>En un momento como el actual, acudir a la pr\u00e1ctica de la meditaci\u00f3n se convierte en la mejor opci\u00f3n para afrontar la ansiedad y estr\u00e9s que nos produce esta \u00e9poca de crisis.<\/p>\n<p><!--more--><\/p>\n<h2><b>La meditaci\u00f3n para superar momentos de estr\u00e9s\u00a0<\/b><\/h2>\n<p>&nbsp;<\/p>\n<p><span style=\"font-weight: 400;\">A principios de este a\u00f1o, pocos pod\u00edamos prever la expansi\u00f3n de un virus llamado COVID-19, el cual obligar\u00eda a gran parte del planeta a sucumbir a un confinamiento para evitar el contagio masivo.\u00a0<\/span><\/p>\n<p><span style=\"font-weight: 400;\">Un hecho hasta entonces desconocido que nos convirti\u00f3 en seres a\u00fan m\u00e1s vulnerables: privados de un futuro incierto y con la suficiente distancia para ver el pasado como una ilusi\u00f3n lejana, muchos de nosotros sucumbimos a una ansiedad generalizada a causa de la pandemia cuyos \u00edndices no han hecho sino aumentar a lo largo de este a\u00f1o, tal y como aprecian numerosos expertos en psicolog\u00eda.\u00a0<\/span><\/p>\n<p><span style=\"font-weight: 400;\">Tanto, que los problemas de salud mental generados por la crisis actual ha desembocado en numerosas doctrinas y nuevas corrientes: desde los nuevos\u00a0 \u201cconsultores espirituales\u201d que proliferan en Estados Unidos como\u00a0 combinaci\u00f3n entre psic\u00f3logo y maestro zen, hasta la presencia de las \u201cplegarias de la serenidad\u201d que se viralizan en redes sociales.<\/span><\/p>\n<p><span style=\"font-weight: 400;\">Sin embargo, el atajo para encontrar el equilibrio en estos tiempos convulsos resulta mucho m\u00e1s sencillo si acudimos a <\/span><b>la relajaci\u00f3n y la<\/b> <b>meditaci\u00f3n guiada<\/b><span style=\"font-weight: 400;\">, disciplina milenaria cuya importancia no ha hecho sino incrementarse a ra\u00edz de la pandemia.\u00a0<\/span><\/p>\n<p><img loading=\"lazy\" decoding=\"async\" class=\"aligncenter size-post-thumbnail wp-image-9079\" src=\"https:\/\/hammamalandalus.com\/blog\/wp-content\/uploads\/2026\/03\/meditacion-1.jpg\" alt=\"meditacion\" width=\"750\" height=\"500\" \/><\/p>\n<h2><b>Beneficios de practicar la meditaci\u00f3n a diario\u00a0<\/b><\/h2>\n<p><span style=\"font-weight: 400;\">Recientemente, un equipo de neur\u00f3logos del Centro Waisman de la Universidad de Wisconsin, en Estados Unidos, realiz\u00f3 un estudio en colaboraci\u00f3n con el Monasterio Scheche de Katmand\u00fa en Nepal, a un grupo de monjes budistas adolescentes y a un grupo de universitarios. El estudio arroj\u00f3 resultados, cuanto menos interesantes, al revelar un encefalograma totalmente distinto entre ambos grupos: en el caso de los monjes budistas, las conexiones neuronales de su cerebro eran mucho mayores en comparaci\u00f3n al otro grupo.\u00a0<\/span><\/p>\n<p><span style=\"font-weight: 400;\">Este es tan solo uno de los muchos estudios que confunden y fascinan por igual a un c\u00edrculo cient\u00edfico que han pasado de mostrarse esc\u00e9pticos a confirmar\u00a0 el potencial de la meditaci\u00f3n para desarrollar a\u00fan m\u00e1s nuestro cerebro y aportar numerosos beneficios al resto del organismo.\u00a0<\/span><\/p>\n<blockquote><p><span style=\"font-weight: 400;\">Practiquen la meditaci\u00f3n. Es algo fundamental. Una vez que se la disfruta, ya no se la puede abandonar, y los beneficios son inmediatos. (Dalai Lama)<\/span><\/p><\/blockquote>\n<p><span style=\"font-weight: 400;\">Nacido en la religi\u00f3n budista pero tambi\u00e9n presente en otras creencias del mundo desde la antig\u00fcedad, la meditaci\u00f3n supone una inducci\u00f3n de la mente a un estado de conciencia por el propio individuo. Un arte que, m\u00e1s all\u00e1 de la complejidad que muchos imaginan, consiste simplemente en \u201cser\u201d, en encontrar en la respiraci\u00f3n la mejor aliada para reforzar nuestro mapa energ\u00e9tico.\u00a0<\/span><\/p>\n<p><span style=\"font-weight: 400;\">De hecho, durante los \u00faltimos a\u00f1os los siguientes beneficios de la meditaci\u00f3n se han visto a\u00fan m\u00e1s reforzados, especialmente si realizamos una pr\u00e1ctica diaria:<\/span><\/p>\n<ul>\n<li style=\"font-weight: 400;\"><b>Mejora la salud f\u00edsica y mental: <\/b><span style=\"font-weight: 400;\">Adem\u00e1s del sistema inmunol\u00f3gico, la meditaci\u00f3n\u00a0 mejora nuestros sistemas circulatorio, muscular y digestivo.\u00a0<\/span><\/li>\n<li style=\"font-weight: 400;\"><b>Reduce el estr\u00e9s: <\/b><span style=\"font-weight: 400;\">Al tratar de \u201cdesterrar\u201d el flujo de pensamientos que nos vienen a la mente y focalizar en la respiraci\u00f3n como mejor mantra, la meditaci\u00f3n conlleva una reducci\u00f3n de la ansiedad y el estr\u00e9s notable.\u00a0<\/span><\/li>\n<li style=\"font-weight: 400;\"><b>Nos permite apreciar el momento presente:<\/b><span style=\"font-weight: 400;\"> Focalizar en la respiraci\u00f3n nos incita a vivir el \u201caqu\u00ed\u201d y el \u201cahora\u201d. No se nos ocurre mejor momento que el actual, atrapado entre nostalgia e incertidumbre, para valorar este justo momento.<\/span><\/li>\n<li style=\"font-weight: 400;\"><b>Mejor memoria: <\/b><span style=\"font-weight: 400;\">Al focalizar en un determinada pensamiento, vemos reforzada nuestra memoria y concentraci\u00f3n a la hora de desempe\u00f1ar cualquier tarea.\u00a0<\/span><\/li>\n<li style=\"font-weight: 400;\"><b>Mayor felicidad:<\/b><span style=\"font-weight: 400;\"> El hecho de reeducar nuestra mente (siempre con constancia, por supuesto) nos permite sentirnos m\u00e1s felices y desarrollar ciertas virtudes como la compasi\u00f3n o la empat\u00eda.\u00a0<\/span><\/li>\n<\/ul>\n<p>&nbsp;<\/p>\n<h2><b>La meditaci\u00f3n guiada contra la ansiedad\u00a0<\/b><\/h2>\n<p>&nbsp;<\/p>\n<p><span style=\"font-weight: 400;\">Una pregunta recurrente en todo principiante que busca iniciarse en la meditaci\u00f3n reside en el \u201cc\u00f3mo\u201d. Sin embargo, te sorprender\u00eda la sencillez de un acto que consiste puramente en la concentraci\u00f3n del momento presente, ya sea a trav\u00e9s de la llama de una vela, un mantra o una imagen concreta.\u00a0<\/span><\/p>\n<p><span style=\"font-weight: 400;\">Un objetivo que a muchos les cuesta llevar a cabo igualmente, motivo por el que reproducir una meditaci\u00f3n guiada consiste en la mejor aliada para adentrarse en esta pr\u00e1ctica.<\/span><\/p>\n<p><span style=\"font-weight: 400;\">Tanto en YouTube como Spotify encontrar\u00e1s diferentes opciones de meditaci\u00f3n guiada en funci\u00f3n de la duraci\u00f3n, estilo e incluso voz que prefieras. Una forma pr\u00e1ctica de iniciarse en el trance a trav\u00e9s de una historia, ritual o ejercicio a fin de ganar mayor concentraci\u00f3n desde el primer momento.\u00a0<\/span><\/p>\n<p><span style=\"font-weight: 400;\">En opini\u00f3n de este autor, y tras varios a\u00f1os de pr\u00e1ctica, <\/span><b>la mejor meditaci\u00f3n guiada<\/b> <span style=\"font-weight: 400;\">es esta<\/span><span style=\"font-weight: 400;\">, no solo por su recomendable duraci\u00f3n, sino porque el propio gur\u00fa sugiere un viaje a trav\u00e9s de una escalera simplemente fascinante, id\u00f3neo para principiantes.<\/span><\/p>\n<p><img loading=\"lazy\" decoding=\"async\" class=\"aligncenter size-post-thumbnail wp-image-9080\" src=\"https:\/\/hammamalandalus.com\/blog\/wp-content\/uploads\/2026\/03\/meditacion-covid.jpg\" alt=\"meditacion covid\" width=\"750\" height=\"500\" \/><\/p>\n<p>&nbsp;<\/p>\n<h2><b>Tipos de meditaci\u00f3n y su aplicaci\u00f3n en tu vida diaria\u00a0<\/b><\/h2>\n<p>&nbsp;<\/p>\n<p><span style=\"font-weight: 400;\">Si profundizamos algo m\u00e1s en la meditaci\u00f3n, descubrir\u00e1s que existen diferentes tipos de pr\u00e1ctica en funci\u00f3n de la duraci\u00f3n, estilo y objetivos que buscamos conseguir:\u00a0<\/span><\/p>\n<ul>\n<li style=\"font-weight: 400;\"><b>Meditaci\u00f3n Vipassana:<\/b><span style=\"font-weight: 400;\"> Este tipo de meditaci\u00f3n es una pr\u00e1ctica budista tradicional que focaliza en la respiraci\u00f3n y la forma en la que entra y sale el aire de nuestro cuerpo a trav\u00e9s de la nariz. Adem\u00e1s, nos incita a identificar pensamientos y etiquetarlos a medida que se dibujan en nuestra mente. Muy recomendable como <\/span><b>meditaci\u00f3n para empezar el d\u00eda<\/b><span style=\"font-weight: 400;\">.<\/span><\/li>\n<li style=\"font-weight: 400;\"><b>Meditaci\u00f3n zen:<\/b><span style=\"font-weight: 400;\"> Procedente de la palabra japonesa \u201czazen\u201d (o meditaci\u00f3n sentada), esta meditaci\u00f3n se diferencia de la vipassana en el simple hecho de que trabajamos la respiraci\u00f3n a trav\u00e9s de la zona abdominal y no de la nariz. Adem\u00e1s, tal y como su nombre indica, debemos realizarla sentados, con la columna erguida y la mirada baja pero con los ojos abiertos.\u00a0<\/span><\/li>\n<li style=\"font-weight: 400;\"><b>Meditaci\u00f3n mindfulness:<\/b><span style=\"font-weight: 400;\"> La meditaci\u00f3n mindfulness no deja de ser un derivado de la mencionada vipassana, si bien el aspecto que define a esta es la duraci\u00f3n (m\u00e1s corta) y momentos de silencio (tambi\u00e9n m\u00e1s breves).\u00a0<\/span><\/li>\n<\/ul>\n<p><span style=\"font-weight: 400;\">Estos son solo algunos de los mundos que engloba una meditaci\u00f3n que incita a viajar a nuevos estados de conciencia. A convertir el presente en nuestro mejor aliado a trav\u00e9s de la <\/span><b>relajaci\u00f3n y meditaci\u00f3n guiada<\/b><span style=\"font-weight: 400;\">.<\/span><\/p>\n","protected":false},"excerpt":{"rendered":"<p>En un momento como el actual, acudir a la pr\u00e1ctica de la meditaci\u00f3n se convierte en la mejor opci\u00f3n para afrontar la ansiedad y estr\u00e9s que nos produce esta \u00e9poca de crisis.<\/p>\n","protected":false},"author":1,"featured_media":4249,"comment_status":"open","ping_status":"open","sticky":false,"template":"","format":"standard","meta":{"_acf_changed":false,"footnotes":""},"categories":[52],"tags":[],"class_list":["post-4245","post","type-post","status-publish","format-standard","has-post-thumbnail","hentry","category-bienvivir-y-salud"],"acf":[],"yoast_head":"<!-- This site is optimized with the Yoast SEO plugin v27.4 - https:\/\/yoast.com\/product\/yoast-seo-wordpress\/ -->\n<title>Relajaci\u00f3n y meditaci\u00f3n guiada en \u00e9poca de pandemia - Hammam<\/title>\n<meta name=\"description\" content=\"Hablamos en este art\u00edculo sobre la relajaci\u00f3n y meditaci\u00f3n en esta \u00e9poca tan rara producida por el COVID-19.\" \/>\n<meta name=\"robots\" content=\"index, follow, max-snippet:-1, max-image-preview:large, max-video-preview:-1\" \/>\n<link rel=\"canonical\" href=\"https:\/\/hammamalandalus.com\/blog\/relajacion-y-meditacion-pandemia\/\" \/>\n<meta property=\"og:locale\" content=\"es_ES\" \/>\n<meta property=\"og:type\" content=\"article\" \/>\n<meta property=\"og:title\" content=\"Relajaci\u00f3n y meditaci\u00f3n guiada en \u00e9poca de pandemia - Hammam\" \/>\n<meta property=\"og:description\" content=\"Hablamos en este art\u00edculo sobre la relajaci\u00f3n y meditaci\u00f3n en esta \u00e9poca tan rara producida por el COVID-19.\" \/>\n<meta property=\"og:url\" content=\"https:\/\/hammamalandalus.com\/blog\/relajacion-y-meditacion-pandemia\/\" \/>\n<meta property=\"og:site_name\" content=\"ECOS DE BIENSENTIR, la Revista de Bienestar de Hammam Al \u00c1ndalus\" \/>\n<meta property=\"article:published_time\" content=\"2020-11-16T10:22:31+00:00\" \/>\n<meta property=\"article:modified_time\" content=\"2026-04-09T09:53:42+00:00\" \/>\n<meta property=\"og:image\" content=\"https:\/\/hammamalandalus.com\/blog\/wp-content\/uploads\/2026\/03\/meditacion-guiada.jpg\" \/>\n\t<meta property=\"og:image:width\" content=\"1024\" \/>\n\t<meta property=\"og:image:height\" content=\"682\" \/>\n\t<meta property=\"og:image:type\" content=\"image\/jpeg\" \/>\n<meta name=\"author\" content=\"dacmail\" \/>\n<meta name=\"twitter:card\" content=\"summary_large_image\" \/>\n<meta name=\"twitter:label1\" content=\"Escrito por\" \/>\n\t<meta name=\"twitter:data1\" content=\"dacmail\" \/>\n\t<meta name=\"twitter:label2\" content=\"Tiempo de lectura\" \/>\n\t<meta name=\"twitter:data2\" content=\"6 minutos\" \/>\n<script type=\"application\/ld+json\" class=\"yoast-schema-graph\">{\"@context\":\"https:\\\/\\\/schema.org\",\"@graph\":[{\"@type\":\"Article\",\"@id\":\"https:\\\/\\\/hammamalandalus.com\\\/blog\\\/relajacion-y-meditacion-pandemia\\\/#article\",\"isPartOf\":{\"@id\":\"https:\\\/\\\/hammamalandalus.com\\\/blog\\\/relajacion-y-meditacion-pandemia\\\/\"},\"author\":{\"name\":\"dacmail\",\"@id\":\"https:\\\/\\\/hammamalandalus.com\\\/blog\\\/#\\\/schema\\\/person\\\/3214d2f2345b44b1cb60a24e9679604f\"},\"headline\":\"Relajaci\u00f3n y meditaci\u00f3n guiada para afrontar esta \u00e9poca de pandemia\",\"datePublished\":\"2020-11-16T10:22:31+00:00\",\"dateModified\":\"2026-04-09T09:53:42+00:00\",\"mainEntityOfPage\":{\"@id\":\"https:\\\/\\\/hammamalandalus.com\\\/blog\\\/relajacion-y-meditacion-pandemia\\\/\"},\"wordCount\":1144,\"commentCount\":0,\"image\":{\"@id\":\"https:\\\/\\\/hammamalandalus.com\\\/blog\\\/relajacion-y-meditacion-pandemia\\\/#primaryimage\"},\"thumbnailUrl\":\"https:\\\/\\\/hammamalandalus.com\\\/blog\\\/wp-content\\\/uploads\\\/2026\\\/03\\\/meditacion-guiada.jpg\",\"articleSection\":[\"Bienvivir y Salud\"],\"inLanguage\":\"es\",\"potentialAction\":[{\"@type\":\"CommentAction\",\"name\":\"Comment\",\"target\":[\"https:\\\/\\\/hammamalandalus.com\\\/blog\\\/relajacion-y-meditacion-pandemia\\\/#respond\"]}]},{\"@type\":\"WebPage\",\"@id\":\"https:\\\/\\\/hammamalandalus.com\\\/blog\\\/relajacion-y-meditacion-pandemia\\\/\",\"url\":\"https:\\\/\\\/hammamalandalus.com\\\/blog\\\/relajacion-y-meditacion-pandemia\\\/\",\"name\":\"Relajaci\u00f3n y meditaci\u00f3n guiada en \u00e9poca de pandemia - Hammam\",\"isPartOf\":{\"@id\":\"https:\\\/\\\/hammamalandalus.com\\\/blog\\\/#website\"},\"primaryImageOfPage\":{\"@id\":\"https:\\\/\\\/hammamalandalus.com\\\/blog\\\/relajacion-y-meditacion-pandemia\\\/#primaryimage\"},\"image\":{\"@id\":\"https:\\\/\\\/hammamalandalus.com\\\/blog\\\/relajacion-y-meditacion-pandemia\\\/#primaryimage\"},\"thumbnailUrl\":\"https:\\\/\\\/hammamalandalus.com\\\/blog\\\/wp-content\\\/uploads\\\/2026\\\/03\\\/meditacion-guiada.jpg\",\"datePublished\":\"2020-11-16T10:22:31+00:00\",\"dateModified\":\"2026-04-09T09:53:42+00:00\",\"author\":{\"@id\":\"https:\\\/\\\/hammamalandalus.com\\\/blog\\\/#\\\/schema\\\/person\\\/3214d2f2345b44b1cb60a24e9679604f\"},\"description\":\"Hablamos en este art\u00edculo sobre la relajaci\u00f3n y meditaci\u00f3n en esta \u00e9poca tan rara producida por el COVID-19.\",\"breadcrumb\":{\"@id\":\"https:\\\/\\\/hammamalandalus.com\\\/blog\\\/relajacion-y-meditacion-pandemia\\\/#breadcrumb\"},\"inLanguage\":\"es\",\"potentialAction\":[{\"@type\":\"ReadAction\",\"target\":[\"https:\\\/\\\/hammamalandalus.com\\\/blog\\\/relajacion-y-meditacion-pandemia\\\/\"]}]},{\"@type\":\"ImageObject\",\"inLanguage\":\"es\",\"@id\":\"https:\\\/\\\/hammamalandalus.com\\\/blog\\\/relajacion-y-meditacion-pandemia\\\/#primaryimage\",\"url\":\"https:\\\/\\\/hammamalandalus.com\\\/blog\\\/wp-content\\\/uploads\\\/2026\\\/03\\\/meditacion-guiada.jpg\",\"contentUrl\":\"https:\\\/\\\/hammamalandalus.com\\\/blog\\\/wp-content\\\/uploads\\\/2026\\\/03\\\/meditacion-guiada.jpg\",\"width\":1024,\"height\":682},{\"@type\":\"BreadcrumbList\",\"@id\":\"https:\\\/\\\/hammamalandalus.com\\\/blog\\\/relajacion-y-meditacion-pandemia\\\/#breadcrumb\",\"itemListElement\":[{\"@type\":\"ListItem\",\"position\":1,\"name\":\"Portada\",\"item\":\"https:\\\/\\\/hammamalandalus.com\\\/blog\\\/\"},{\"@type\":\"ListItem\",\"position\":2,\"name\":\"Relajaci\u00f3n y meditaci\u00f3n guiada para afrontar esta \u00e9poca de pandemia\"}]},{\"@type\":\"WebSite\",\"@id\":\"https:\\\/\\\/hammamalandalus.com\\\/blog\\\/#website\",\"url\":\"https:\\\/\\\/hammamalandalus.com\\\/blog\\\/\",\"name\":\"ECOS DE BIENSENTIR, la Revista de Bienestar de Hammam Al \u00c1ndalus\",\"description\":\"\",\"potentialAction\":[{\"@type\":\"SearchAction\",\"target\":{\"@type\":\"EntryPoint\",\"urlTemplate\":\"https:\\\/\\\/hammamalandalus.com\\\/blog\\\/?s={search_term_string}\"},\"query-input\":{\"@type\":\"PropertyValueSpecification\",\"valueRequired\":true,\"valueName\":\"search_term_string\"}}],\"inLanguage\":\"es\"},{\"@type\":\"Person\",\"@id\":\"https:\\\/\\\/hammamalandalus.com\\\/blog\\\/#\\\/schema\\\/person\\\/3214d2f2345b44b1cb60a24e9679604f\",\"name\":\"dacmail\",\"image\":{\"@type\":\"ImageObject\",\"inLanguage\":\"es\",\"@id\":\"https:\\\/\\\/secure.gravatar.com\\\/avatar\\\/6558984ab2dc9134d66f12fd70deb173e481b74f155e0e6108a54b062919436d?s=96&d=mm&r=g\",\"url\":\"https:\\\/\\\/secure.gravatar.com\\\/avatar\\\/6558984ab2dc9134d66f12fd70deb173e481b74f155e0e6108a54b062919436d?s=96&d=mm&r=g\",\"contentUrl\":\"https:\\\/\\\/secure.gravatar.com\\\/avatar\\\/6558984ab2dc9134d66f12fd70deb173e481b74f155e0e6108a54b062919436d?s=96&d=mm&r=g\",\"caption\":\"dacmail\"},\"sameAs\":[\"https:\\\/\\\/hammamalandalus.com\\\/blog\"],\"url\":\"https:\\\/\\\/hammamalandalus.com\\\/blog\\\/author\\\/dacmail\\\/\"}]}<\/script>\n<!-- \/ Yoast SEO plugin. -->","yoast_head_json":{"title":"Relajaci\u00f3n y meditaci\u00f3n guiada en \u00e9poca de pandemia - Hammam","description":"Hablamos en este art\u00edculo sobre la relajaci\u00f3n y meditaci\u00f3n en esta \u00e9poca tan rara producida por el COVID-19.","robots":{"index":"index","follow":"follow","max-snippet":"max-snippet:-1","max-image-preview":"max-image-preview:large","max-video-preview":"max-video-preview:-1"},"canonical":"https:\/\/hammamalandalus.com\/blog\/relajacion-y-meditacion-pandemia\/","og_locale":"es_ES","og_type":"article","og_title":"Relajaci\u00f3n y meditaci\u00f3n guiada en \u00e9poca de pandemia - Hammam","og_description":"Hablamos en este art\u00edculo sobre la relajaci\u00f3n y meditaci\u00f3n en esta \u00e9poca tan rara producida por el COVID-19.","og_url":"https:\/\/hammamalandalus.com\/blog\/relajacion-y-meditacion-pandemia\/","og_site_name":"ECOS DE BIENSENTIR, la Revista de Bienestar de Hammam Al \u00c1ndalus","article_published_time":"2020-11-16T10:22:31+00:00","article_modified_time":"2026-04-09T09:53:42+00:00","og_image":[{"width":1024,"height":682,"url":"https:\/\/hammamalandalus.com\/blog\/wp-content\/uploads\/2026\/03\/meditacion-guiada.jpg","type":"image\/jpeg"}],"author":"dacmail","twitter_card":"summary_large_image","twitter_misc":{"Escrito por":"dacmail","Tiempo de lectura":"6 minutos"},"schema":{"@context":"https:\/\/schema.org","@graph":[{"@type":"Article","@id":"https:\/\/hammamalandalus.com\/blog\/relajacion-y-meditacion-pandemia\/#article","isPartOf":{"@id":"https:\/\/hammamalandalus.com\/blog\/relajacion-y-meditacion-pandemia\/"},"author":{"name":"dacmail","@id":"https:\/\/hammamalandalus.com\/blog\/#\/schema\/person\/3214d2f2345b44b1cb60a24e9679604f"},"headline":"Relajaci\u00f3n y meditaci\u00f3n guiada para afrontar esta \u00e9poca de pandemia","datePublished":"2020-11-16T10:22:31+00:00","dateModified":"2026-04-09T09:53:42+00:00","mainEntityOfPage":{"@id":"https:\/\/hammamalandalus.com\/blog\/relajacion-y-meditacion-pandemia\/"},"wordCount":1144,"commentCount":0,"image":{"@id":"https:\/\/hammamalandalus.com\/blog\/relajacion-y-meditacion-pandemia\/#primaryimage"},"thumbnailUrl":"https:\/\/hammamalandalus.com\/blog\/wp-content\/uploads\/2026\/03\/meditacion-guiada.jpg","articleSection":["Bienvivir y Salud"],"inLanguage":"es","potentialAction":[{"@type":"CommentAction","name":"Comment","target":["https:\/\/hammamalandalus.com\/blog\/relajacion-y-meditacion-pandemia\/#respond"]}]},{"@type":"WebPage","@id":"https:\/\/hammamalandalus.com\/blog\/relajacion-y-meditacion-pandemia\/","url":"https:\/\/hammamalandalus.com\/blog\/relajacion-y-meditacion-pandemia\/","name":"Relajaci\u00f3n y meditaci\u00f3n guiada en \u00e9poca de pandemia - Hammam","isPartOf":{"@id":"https:\/\/hammamalandalus.com\/blog\/#website"},"primaryImageOfPage":{"@id":"https:\/\/hammamalandalus.com\/blog\/relajacion-y-meditacion-pandemia\/#primaryimage"},"image":{"@id":"https:\/\/hammamalandalus.com\/blog\/relajacion-y-meditacion-pandemia\/#primaryimage"},"thumbnailUrl":"https:\/\/hammamalandalus.com\/blog\/wp-content\/uploads\/2026\/03\/meditacion-guiada.jpg","datePublished":"2020-11-16T10:22:31+00:00","dateModified":"2026-04-09T09:53:42+00:00","author":{"@id":"https:\/\/hammamalandalus.com\/blog\/#\/schema\/person\/3214d2f2345b44b1cb60a24e9679604f"},"description":"Hablamos en este art\u00edculo sobre la relajaci\u00f3n y meditaci\u00f3n en esta \u00e9poca tan rara producida por el COVID-19.","breadcrumb":{"@id":"https:\/\/hammamalandalus.com\/blog\/relajacion-y-meditacion-pandemia\/#breadcrumb"},"inLanguage":"es","potentialAction":[{"@type":"ReadAction","target":["https:\/\/hammamalandalus.com\/blog\/relajacion-y-meditacion-pandemia\/"]}]},{"@type":"ImageObject","inLanguage":"es","@id":"https:\/\/hammamalandalus.com\/blog\/relajacion-y-meditacion-pandemia\/#primaryimage","url":"https:\/\/hammamalandalus.com\/blog\/wp-content\/uploads\/2026\/03\/meditacion-guiada.jpg","contentUrl":"https:\/\/hammamalandalus.com\/blog\/wp-content\/uploads\/2026\/03\/meditacion-guiada.jpg","width":1024,"height":682},{"@type":"BreadcrumbList","@id":"https:\/\/hammamalandalus.com\/blog\/relajacion-y-meditacion-pandemia\/#breadcrumb","itemListElement":[{"@type":"ListItem","position":1,"name":"Portada","item":"https:\/\/hammamalandalus.com\/blog\/"},{"@type":"ListItem","position":2,"name":"Relajaci\u00f3n y meditaci\u00f3n guiada para afrontar esta \u00e9poca de pandemia"}]},{"@type":"WebSite","@id":"https:\/\/hammamalandalus.com\/blog\/#website","url":"https:\/\/hammamalandalus.com\/blog\/","name":"ECOS DE BIENSENTIR, la Revista de Bienestar de Hammam Al \u00c1ndalus","description":"","potentialAction":[{"@type":"SearchAction","target":{"@type":"EntryPoint","urlTemplate":"https:\/\/hammamalandalus.com\/blog\/?s={search_term_string}"},"query-input":{"@type":"PropertyValueSpecification","valueRequired":true,"valueName":"search_term_string"}}],"inLanguage":"es"},{"@type":"Person","@id":"https:\/\/hammamalandalus.com\/blog\/#\/schema\/person\/3214d2f2345b44b1cb60a24e9679604f","name":"dacmail","image":{"@type":"ImageObject","inLanguage":"es","@id":"https:\/\/secure.gravatar.com\/avatar\/6558984ab2dc9134d66f12fd70deb173e481b74f155e0e6108a54b062919436d?s=96&d=mm&r=g","url":"https:\/\/secure.gravatar.com\/avatar\/6558984ab2dc9134d66f12fd70deb173e481b74f155e0e6108a54b062919436d?s=96&d=mm&r=g","contentUrl":"https:\/\/secure.gravatar.com\/avatar\/6558984ab2dc9134d66f12fd70deb173e481b74f155e0e6108a54b062919436d?s=96&d=mm&r=g","caption":"dacmail"},"sameAs":["https:\/\/hammamalandalus.com\/blog"],"url":"https:\/\/hammamalandalus.com\/blog\/author\/dacmail\/"}]}},"_links":{"self":[{"href":"https:\/\/hammamalandalus.com\/blog\/wp-json\/wp\/v2\/posts\/4245","targetHints":{"allow":["GET"]}}],"collection":[{"href":"https:\/\/hammamalandalus.com\/blog\/wp-json\/wp\/v2\/posts"}],"about":[{"href":"https:\/\/hammamalandalus.com\/blog\/wp-json\/wp\/v2\/types\/post"}],"author":[{"embeddable":true,"href":"https:\/\/hammamalandalus.com\/blog\/wp-json\/wp\/v2\/users\/1"}],"replies":[{"embeddable":true,"href":"https:\/\/hammamalandalus.com\/blog\/wp-json\/wp\/v2\/comments?post=4245"}],"version-history":[{"count":3,"href":"https:\/\/hammamalandalus.com\/blog\/wp-json\/wp\/v2\/posts\/4245\/revisions"}],"predecessor-version":[{"id":6187,"href":"https:\/\/hammamalandalus.com\/blog\/wp-json\/wp\/v2\/posts\/4245\/revisions\/6187"}],"wp:featuredmedia":[{"embeddable":true,"href":"https:\/\/hammamalandalus.com\/blog\/wp-json\/wp\/v2\/media\/4249"}],"wp:attachment":[{"href":"https:\/\/hammamalandalus.com\/blog\/wp-json\/wp\/v2\/media?parent=4245"}],"wp:term":[{"taxonomy":"category","embeddable":true,"href":"https:\/\/hammamalandalus.com\/blog\/wp-json\/wp\/v2\/categories?post=4245"},{"taxonomy":"post_tag","embeddable":true,"href":"https:\/\/hammamalandalus.com\/blog\/wp-json\/wp\/v2\/tags?post=4245"}],"curies":[{"name":"wp","href":"https:\/\/api.w.org\/{rel}","templated":true}]}}