{"id":3263,"date":"2018-11-27T16:58:29","date_gmt":"2018-11-27T15:58:29","guid":{"rendered":"http:\/\/bloghammam.localhost\/2018\/11\/27\/alvaro-salvador-jofre\/"},"modified":"2026-04-09T11:52:42","modified_gmt":"2026-04-09T09:52:42","slug":"alvaro-salvador-jofre","status":"publish","type":"post","link":"https:\/\/hammamalandalus.com\/blog\/alvaro-salvador-jofre\/","title":{"rendered":"\u00c1lvaro Salvador Jofr\u00e9, la Poes\u00eda de la experiencia"},"content":{"rendered":"\n<p><span style=\"font-weight: 400;\">\u00c1lvaro Salvador Jofr\u00e9 naci\u00f3 en Granada un 26 de abril de 1950. Aunque actualmente reside en M\u00e1laga y trabaja como catedr\u00e1tico de Literatura Hispanoamericana. \u00a0Este granadino es escritor y profesor universitario. Se licenci\u00f3 en Filolog\u00eda Rom\u00e1nica por la Universidad de Granada. En 1983 se doctor\u00f3 en la misma universidad con una tesis calificada como \u201cSobresaliente cum laude\u201d.<\/span><\/p>\n\n\n\n<p><!--more--><\/p>\n\n\n\n<p><img loading=\"lazy\" decoding=\"async\" class=\"aligncenter size-full wp-image-6097\" src=\"https:\/\/hammamalandalus.com\/blog\/wp-content\/uploads\/2026\/03\/alvaro-salvador.jpg\" alt=\"\u00c1lvaro Salvador Jofr\u00e9, la Poes\u00eda de la experiencia\" width=\"300\" height=\"236\" \/><\/p>\n\n\n\n<p><span style=\"font-weight: 400;\">Salvador Jofr\u00e9 ha sido profesor invitado en diferentes universidades norteamericanas. Y ha impartido cursos, seminarios y conferencias en centros universitarios de todo el mundo. Fue docente en las universidades norteamericanas Darmouth College de New Hampshire. Tambi\u00e9n en la Universidad de California en Los \u00c1ngeles, y Universidad de Washington de Seattle. Adem\u00e1s, ha dictado seminarios y conferencias en varios pa\u00edses europeos y americanos. <\/span><\/p>\n\n\n\n<p><span style=\"font-weight: 400;\">En la Universidad de Granada, \u00c1lvaro Salvador Jofr\u00e9 dirigi\u00f3 el Aula de Poes\u00eda. Lo hizo durante seis a\u00f1os, de 1978 a 1984. Y el Seminario de Estudios Latinoamericanos durante once a\u00f1os, entre 1989 y 2000. Adem\u00e1s, es miembro de la Junta Directiva de la Asociaci\u00f3n Espa\u00f1ola de Estudios Hispanoamericanos. Desde que se fundara, en el a\u00f1o 1992. Es miembro del consejo asesor de la revista Anales de Literatura Hispanoamericana, por la Universidad Complutense. En la actualidad es miembro de n\u00famero de la Academia de las Buenas Letras de Granada. <\/span><\/p>\n\n\n\n<p><img loading=\"lazy\" decoding=\"async\" class=\"aligncenter size-post-thumbnail wp-image-6099\" src=\"https:\/\/hammamalandalus.com\/blog\/wp-content\/uploads\/2026\/03\/letra-pequencc83a.jpg\" alt=\"\u00c1lvaro Salvador Jofr\u00e9, la Poes\u00eda de la experiencia\" width=\"750\" height=\"1111\" \/><\/p>\n\n\n\n<p><span style=\"font-weight: 400;\">Como escritor, \u00c1lvaro Salvador Jofr\u00e9 destaca con su poes\u00eda, ensayos y cr\u00edticas literarias. Aunque ha cultivado todos los g\u00e9neros. En palabras del profesor Jos\u00e9 Ortega, su poes\u00eda es \u201cde un profundo compromiso social y eminentemente renovadora\u201d. Junto a Javier Egea y Luis Garc\u00eda Montero promocion\u00f3 la tendencia po\u00e9tica conocida como <\/span><i><span style=\"font-weight: 400;\">Otra sentimentalidad<\/span><\/i><span style=\"font-weight: 400;\"> durante los a\u00f1os ochenta. M\u00e1s tarde se conocer\u00eda como <\/span><i><span style=\"font-weight: 400;\">Poes\u00eda de la experiencia<\/span><\/i><span style=\"font-weight: 400;\">, dentro de la poes\u00eda espa\u00f1ola contempor\u00e1nea. \u00a0<\/span><\/p>\n\n\n\n<p><span style=\"font-weight: 400;\">Junto a <a href=\"https:\/\/www.hammamalandalus.com\/blog\/la-mirada-por-luis-garcia-montero\/\" target=\"_blank\" rel=\"noopener\">Luis Garc\u00eda Montero<\/a> compuso y public\u00f3 <em>Tristia<\/em> (1982). Apareci\u00f3 bajo la firma \u00c1lvaro Montero. De manera individual es autor de muchos libros de poemas. Parte de su obra po\u00e9tica est\u00e1 contenida en vol\u00famenes como <\/span><i><span style=\"font-weight: 400;\">Y\u2026<\/span><\/i><span style=\"font-weight: 400;\"> (1971), Premio Federico Garc\u00eda Lorca.\u00a0<\/span><i><span style=\"font-weight: 400;\">La Mala Crianza<\/span><\/i><span style=\"font-weight: 400;\">, (1974) fue Premio Nacional Universitario. M\u00e1s t\u00edtulos del autor son\u00a0<\/span><i><span style=\"font-weight: 400;\">De la palabra y otras alucinaciones,<\/span><\/i><span style=\"font-weight: 400;\"> (1975) o\u00a0<\/span><i><span style=\"font-weight: 400;\">Los Cantos de Il\u00edberis<\/span><\/i><span style=\"font-weight: 400;\">, (1976). <\/span><\/p>\n\n\n\n<p><span style=\"font-weight: 400;\">Podemos seguir indagando en su obra con\u00a0<\/span><i><span style=\"font-weight: 400;\">Las Cortezas del Fruto<\/span><\/i><span style=\"font-weight: 400;\">, (1980),\u00a0<\/span><i><span style=\"font-weight: 400;\">El agua de noviembre<\/span><\/i><span style=\"font-weight: 400;\">, (1985). Tambi\u00e9n escribi\u00f3\u00a0<\/span><i><span style=\"font-weight: 400;\">La condici\u00f3n del personaje<\/span><\/i><span style=\"font-weight: 400;\">, (1992), <\/span><i><span style=\"font-weight: 400;\">Ahora todav\u00eda,<\/span><\/i><span style=\"font-weight: 400;\"> (2001). Y no podemos olvidar\u00a0<\/span><i><span style=\"font-weight: 400;\">La canci\u00f3n del outsider,<\/span><\/i><span style=\"font-weight: 400;\"> (2008), Premio Generaci\u00f3n del 27. <\/span><\/p>\n\n\n\n<p><img loading=\"lazy\" decoding=\"async\" class=\"aligncenter size-full wp-image-6100\" src=\"https:\/\/hammamalandalus.com\/blog\/wp-content\/uploads\/2026\/03\/cegal.gif\" alt=\"\u00c1lvaro Salvador Jofr\u00e9, la Poes\u00eda de la experiencia\" width=\"270\" height=\"375\" \/><\/p>\n\n\n\n<p><span style=\"font-weight: 400;\">Tambi\u00e9n es colaborador habitual de prensa en diferentes peri\u00f3dicos. Y en publicaciones especializadas en cr\u00edtica literaria. Destacan\u00a0<\/span><i><span style=\"font-weight: 400;\">Cuadernos Hispanoamericanos, \u00cdnsula, Litoral, Hora de poes\u00eda. Tambi\u00e9n Papeles de Son Armadans, Revista Iberoamericana, Ideologies &amp; Literature.<\/span><\/i><span style=\"font-weight: 400;\"> Durante cuatro a\u00f1os, de 2005 a 2009, firm\u00f3 una columna semanal en <\/span><i><span style=\"font-weight: 400;\">La Opini\u00f3n de Granada. <\/span><\/i><span style=\"font-weight: 400;\">Ha colaborado con art\u00edculos en distintas revistas especializadas espa\u00f1olas y extranjeras. En 2008 prepara una edici\u00f3n de la Poes\u00eda Completa de <\/span><a href=\"https:\/\/es.wikipedia.org\/wiki\/Rub%C3%A9n_Dar%C3%ADo\"><span style=\"font-weight: 400;\">Rub\u00e9n Dar\u00edo<\/span><\/a><span style=\"font-weight: 400;\">.<\/span><\/p>\n\n\n\n<p><span style=\"font-weight: 400;\">En 2006 ingres\u00f3 en la Academia de Buenas Letras de Granada, con el discurso \u201cGranada en la poes\u00eda del regreso de Rafael Alberti\u201d. All\u00ed ostentar\u00eda la medalla con la letra T, hasta su dimisi\u00f3n en 2009. <\/span><i><span style=\"font-weight: 400;\">El sue\u00f1o de un reino<\/span><\/i><span style=\"font-weight: 400;\">, (2007) es una reedici\u00f3n revisada y completa de su primer texto dram\u00e1tico sobre el morisco Fernando de V\u00e1lor y C\u00f3rdoba (Ab\u00e9n Humeya).<\/span><\/p>\n\n\n\n<p><span style=\"font-weight: 400;\">Este mes\u00a0\u00c1lvaro Salvador Jofr\u00e9 pone la voz a nuestro hammam con el poema <\/span><i><span style=\"font-weight: 400;\">El canto del agua. <\/span><\/i><span style=\"font-weight: 400;\">En diciembre celebramos el ciclo de la sabidur\u00eda y <\/span><span style=\"font-weight: 400;\">escribe estos versos. <\/span><i><span style=\"font-weight: 400;\">En esta tarde recatada, \/ tarde modesta y amigable \/ m\u00e1s all\u00e1 de los muros y la niebla \/ el agua canta.\u00a0<\/span><\/i><\/p>\n","protected":false},"excerpt":{"rendered":"<p>\u00c1lvaro Salvador Jofr\u00e9 naci\u00f3 en Granada un 26 de abril de 1950. Aunque actualmente reside en M\u00e1laga y trabaja como catedr\u00e1tico de Literatura Hispanoamericana. \u00a0Este granadino es escritor y profesor universitario. Se licenci\u00f3 en Filolog\u00eda Rom\u00e1nica por la Universidad de Granada. En 1983 se doctor\u00f3 en la misma universidad con una tesis calificada como \u201cSobresaliente &hellip;<\/p>\n","protected":false},"author":1,"featured_media":3268,"comment_status":"open","ping_status":"open","sticky":false,"template":"","format":"standard","meta":{"_acf_changed":false,"footnotes":""},"categories":[55],"tags":[],"class_list":["post-3263","post","type-post","status-publish","format-standard","has-post-thumbnail","hentry","category-proposito-y-cultura"],"acf":[],"yoast_head":"<!-- This site is optimized with the Yoast SEO plugin v27.4 - https:\/\/yoast.com\/product\/yoast-seo-wordpress\/ -->\n<title>\u00c1lvaro Salvador Jofr\u00e9, la Poes\u00eda de la experiencia -<\/title>\n<meta name=\"description\" content=\"\u00c1lvaro Salvador Jofr\u00e9 pone voz a nuestro hammam en el mes de diciembre con el poema El canto del agua, con motivo de el ciclo de la sabidur\u00eda.\" \/>\n<meta name=\"robots\" content=\"index, follow, max-snippet:-1, max-image-preview:large, max-video-preview:-1\" \/>\n<link rel=\"canonical\" href=\"https:\/\/hammamalandalus.com\/blog\/alvaro-salvador-jofre\/\" \/>\n<meta property=\"og:locale\" content=\"es_ES\" \/>\n<meta property=\"og:type\" content=\"article\" \/>\n<meta property=\"og:title\" content=\"\u00c1lvaro Salvador Jofr\u00e9, la Poes\u00eda de la experiencia -\" \/>\n<meta property=\"og:description\" content=\"\u00c1lvaro Salvador Jofr\u00e9 pone voz a nuestro hammam en el mes de diciembre con el poema El canto del agua, con motivo de el ciclo de la sabidur\u00eda.\" \/>\n<meta property=\"og:url\" content=\"https:\/\/hammamalandalus.com\/blog\/alvaro-salvador-jofre\/\" \/>\n<meta property=\"og:site_name\" content=\"ECOS DE BIENSENTIR, la Revista de Bienestar de Hammam Al \u00c1ndalus\" \/>\n<meta property=\"article:published_time\" content=\"2018-11-27T15:58:29+00:00\" \/>\n<meta property=\"article:modified_time\" content=\"2026-04-09T09:52:42+00:00\" \/>\n<meta property=\"og:image\" content=\"https:\/\/hammamalandalus.com\/blog\/wp-content\/uploads\/2026\/03\/salvador1.jpg\" \/>\n\t<meta property=\"og:image:width\" content=\"786\" \/>\n\t<meta property=\"og:image:height\" content=\"389\" \/>\n\t<meta property=\"og:image:type\" content=\"image\/jpeg\" \/>\n<meta name=\"author\" content=\"dacmail\" \/>\n<meta name=\"twitter:card\" content=\"summary_large_image\" \/>\n<meta name=\"twitter:label1\" content=\"Escrito por\" \/>\n\t<meta name=\"twitter:data1\" content=\"dacmail\" \/>\n\t<meta name=\"twitter:label2\" content=\"Tiempo de lectura\" \/>\n\t<meta name=\"twitter:data2\" content=\"3 minutos\" \/>\n<script type=\"application\/ld+json\" class=\"yoast-schema-graph\">{\"@context\":\"https:\\\/\\\/schema.org\",\"@graph\":[{\"@type\":\"Article\",\"@id\":\"https:\\\/\\\/hammamalandalus.com\\\/blog\\\/alvaro-salvador-jofre\\\/#article\",\"isPartOf\":{\"@id\":\"https:\\\/\\\/hammamalandalus.com\\\/blog\\\/alvaro-salvador-jofre\\\/\"},\"author\":{\"name\":\"dacmail\",\"@id\":\"https:\\\/\\\/hammamalandalus.com\\\/blog\\\/#\\\/schema\\\/person\\\/3214d2f2345b44b1cb60a24e9679604f\"},\"headline\":\"\u00c1lvaro Salvador Jofr\u00e9, la Poes\u00eda de la experiencia\",\"datePublished\":\"2018-11-27T15:58:29+00:00\",\"dateModified\":\"2026-04-09T09:52:42+00:00\",\"mainEntityOfPage\":{\"@id\":\"https:\\\/\\\/hammamalandalus.com\\\/blog\\\/alvaro-salvador-jofre\\\/\"},\"wordCount\":620,\"commentCount\":0,\"image\":{\"@id\":\"https:\\\/\\\/hammamalandalus.com\\\/blog\\\/alvaro-salvador-jofre\\\/#primaryimage\"},\"thumbnailUrl\":\"https:\\\/\\\/hammamalandalus.com\\\/blog\\\/wp-content\\\/uploads\\\/2026\\\/03\\\/salvador1.jpg\",\"articleSection\":[\"Prop\u00f3sito y cultura\"],\"inLanguage\":\"es\",\"potentialAction\":[{\"@type\":\"CommentAction\",\"name\":\"Comment\",\"target\":[\"https:\\\/\\\/hammamalandalus.com\\\/blog\\\/alvaro-salvador-jofre\\\/#respond\"]}]},{\"@type\":\"WebPage\",\"@id\":\"https:\\\/\\\/hammamalandalus.com\\\/blog\\\/alvaro-salvador-jofre\\\/\",\"url\":\"https:\\\/\\\/hammamalandalus.com\\\/blog\\\/alvaro-salvador-jofre\\\/\",\"name\":\"\u00c1lvaro Salvador Jofr\u00e9, la Poes\u00eda de la experiencia -\",\"isPartOf\":{\"@id\":\"https:\\\/\\\/hammamalandalus.com\\\/blog\\\/#website\"},\"primaryImageOfPage\":{\"@id\":\"https:\\\/\\\/hammamalandalus.com\\\/blog\\\/alvaro-salvador-jofre\\\/#primaryimage\"},\"image\":{\"@id\":\"https:\\\/\\\/hammamalandalus.com\\\/blog\\\/alvaro-salvador-jofre\\\/#primaryimage\"},\"thumbnailUrl\":\"https:\\\/\\\/hammamalandalus.com\\\/blog\\\/wp-content\\\/uploads\\\/2026\\\/03\\\/salvador1.jpg\",\"datePublished\":\"2018-11-27T15:58:29+00:00\",\"dateModified\":\"2026-04-09T09:52:42+00:00\",\"author\":{\"@id\":\"https:\\\/\\\/hammamalandalus.com\\\/blog\\\/#\\\/schema\\\/person\\\/3214d2f2345b44b1cb60a24e9679604f\"},\"description\":\"\u00c1lvaro Salvador Jofr\u00e9 pone voz a nuestro hammam en el mes de diciembre con el poema El canto del agua, con motivo de el ciclo de la sabidur\u00eda.\",\"breadcrumb\":{\"@id\":\"https:\\\/\\\/hammamalandalus.com\\\/blog\\\/alvaro-salvador-jofre\\\/#breadcrumb\"},\"inLanguage\":\"es\",\"potentialAction\":[{\"@type\":\"ReadAction\",\"target\":[\"https:\\\/\\\/hammamalandalus.com\\\/blog\\\/alvaro-salvador-jofre\\\/\"]}]},{\"@type\":\"ImageObject\",\"inLanguage\":\"es\",\"@id\":\"https:\\\/\\\/hammamalandalus.com\\\/blog\\\/alvaro-salvador-jofre\\\/#primaryimage\",\"url\":\"https:\\\/\\\/hammamalandalus.com\\\/blog\\\/wp-content\\\/uploads\\\/2026\\\/03\\\/salvador1.jpg\",\"contentUrl\":\"https:\\\/\\\/hammamalandalus.com\\\/blog\\\/wp-content\\\/uploads\\\/2026\\\/03\\\/salvador1.jpg\",\"width\":786,\"height\":389},{\"@type\":\"BreadcrumbList\",\"@id\":\"https:\\\/\\\/hammamalandalus.com\\\/blog\\\/alvaro-salvador-jofre\\\/#breadcrumb\",\"itemListElement\":[{\"@type\":\"ListItem\",\"position\":1,\"name\":\"Portada\",\"item\":\"https:\\\/\\\/hammamalandalus.com\\\/blog\\\/\"},{\"@type\":\"ListItem\",\"position\":2,\"name\":\"\u00c1lvaro Salvador Jofr\u00e9, la Poes\u00eda de la experiencia\"}]},{\"@type\":\"WebSite\",\"@id\":\"https:\\\/\\\/hammamalandalus.com\\\/blog\\\/#website\",\"url\":\"https:\\\/\\\/hammamalandalus.com\\\/blog\\\/\",\"name\":\"ECOS DE BIENSENTIR, la Revista de Bienestar de Hammam Al \u00c1ndalus\",\"description\":\"\",\"potentialAction\":[{\"@type\":\"SearchAction\",\"target\":{\"@type\":\"EntryPoint\",\"urlTemplate\":\"https:\\\/\\\/hammamalandalus.com\\\/blog\\\/?s={search_term_string}\"},\"query-input\":{\"@type\":\"PropertyValueSpecification\",\"valueRequired\":true,\"valueName\":\"search_term_string\"}}],\"inLanguage\":\"es\"},{\"@type\":\"Person\",\"@id\":\"https:\\\/\\\/hammamalandalus.com\\\/blog\\\/#\\\/schema\\\/person\\\/3214d2f2345b44b1cb60a24e9679604f\",\"name\":\"dacmail\",\"image\":{\"@type\":\"ImageObject\",\"inLanguage\":\"es\",\"@id\":\"https:\\\/\\\/secure.gravatar.com\\\/avatar\\\/6558984ab2dc9134d66f12fd70deb173e481b74f155e0e6108a54b062919436d?s=96&d=mm&r=g\",\"url\":\"https:\\\/\\\/secure.gravatar.com\\\/avatar\\\/6558984ab2dc9134d66f12fd70deb173e481b74f155e0e6108a54b062919436d?s=96&d=mm&r=g\",\"contentUrl\":\"https:\\\/\\\/secure.gravatar.com\\\/avatar\\\/6558984ab2dc9134d66f12fd70deb173e481b74f155e0e6108a54b062919436d?s=96&d=mm&r=g\",\"caption\":\"dacmail\"},\"sameAs\":[\"https:\\\/\\\/hammamalandalus.com\\\/blog\"],\"url\":\"https:\\\/\\\/hammamalandalus.com\\\/blog\\\/author\\\/dacmail\\\/\"}]}<\/script>\n<!-- \/ Yoast SEO plugin. -->","yoast_head_json":{"title":"\u00c1lvaro Salvador Jofr\u00e9, la Poes\u00eda de la experiencia -","description":"\u00c1lvaro Salvador Jofr\u00e9 pone voz a nuestro hammam en el mes de diciembre con el poema El canto del agua, con motivo de el ciclo de la sabidur\u00eda.","robots":{"index":"index","follow":"follow","max-snippet":"max-snippet:-1","max-image-preview":"max-image-preview:large","max-video-preview":"max-video-preview:-1"},"canonical":"https:\/\/hammamalandalus.com\/blog\/alvaro-salvador-jofre\/","og_locale":"es_ES","og_type":"article","og_title":"\u00c1lvaro Salvador Jofr\u00e9, la Poes\u00eda de la experiencia -","og_description":"\u00c1lvaro Salvador Jofr\u00e9 pone voz a nuestro hammam en el mes de diciembre con el poema El canto del agua, con motivo de el ciclo de la sabidur\u00eda.","og_url":"https:\/\/hammamalandalus.com\/blog\/alvaro-salvador-jofre\/","og_site_name":"ECOS DE BIENSENTIR, la Revista de Bienestar de Hammam Al \u00c1ndalus","article_published_time":"2018-11-27T15:58:29+00:00","article_modified_time":"2026-04-09T09:52:42+00:00","og_image":[{"width":786,"height":389,"url":"https:\/\/hammamalandalus.com\/blog\/wp-content\/uploads\/2026\/03\/salvador1.jpg","type":"image\/jpeg"}],"author":"dacmail","twitter_card":"summary_large_image","twitter_misc":{"Escrito por":"dacmail","Tiempo de lectura":"3 minutos"},"schema":{"@context":"https:\/\/schema.org","@graph":[{"@type":"Article","@id":"https:\/\/hammamalandalus.com\/blog\/alvaro-salvador-jofre\/#article","isPartOf":{"@id":"https:\/\/hammamalandalus.com\/blog\/alvaro-salvador-jofre\/"},"author":{"name":"dacmail","@id":"https:\/\/hammamalandalus.com\/blog\/#\/schema\/person\/3214d2f2345b44b1cb60a24e9679604f"},"headline":"\u00c1lvaro Salvador Jofr\u00e9, la Poes\u00eda de la experiencia","datePublished":"2018-11-27T15:58:29+00:00","dateModified":"2026-04-09T09:52:42+00:00","mainEntityOfPage":{"@id":"https:\/\/hammamalandalus.com\/blog\/alvaro-salvador-jofre\/"},"wordCount":620,"commentCount":0,"image":{"@id":"https:\/\/hammamalandalus.com\/blog\/alvaro-salvador-jofre\/#primaryimage"},"thumbnailUrl":"https:\/\/hammamalandalus.com\/blog\/wp-content\/uploads\/2026\/03\/salvador1.jpg","articleSection":["Prop\u00f3sito y cultura"],"inLanguage":"es","potentialAction":[{"@type":"CommentAction","name":"Comment","target":["https:\/\/hammamalandalus.com\/blog\/alvaro-salvador-jofre\/#respond"]}]},{"@type":"WebPage","@id":"https:\/\/hammamalandalus.com\/blog\/alvaro-salvador-jofre\/","url":"https:\/\/hammamalandalus.com\/blog\/alvaro-salvador-jofre\/","name":"\u00c1lvaro Salvador Jofr\u00e9, la Poes\u00eda de la experiencia -","isPartOf":{"@id":"https:\/\/hammamalandalus.com\/blog\/#website"},"primaryImageOfPage":{"@id":"https:\/\/hammamalandalus.com\/blog\/alvaro-salvador-jofre\/#primaryimage"},"image":{"@id":"https:\/\/hammamalandalus.com\/blog\/alvaro-salvador-jofre\/#primaryimage"},"thumbnailUrl":"https:\/\/hammamalandalus.com\/blog\/wp-content\/uploads\/2026\/03\/salvador1.jpg","datePublished":"2018-11-27T15:58:29+00:00","dateModified":"2026-04-09T09:52:42+00:00","author":{"@id":"https:\/\/hammamalandalus.com\/blog\/#\/schema\/person\/3214d2f2345b44b1cb60a24e9679604f"},"description":"\u00c1lvaro Salvador Jofr\u00e9 pone voz a nuestro hammam en el mes de diciembre con el poema El canto del agua, con motivo de el ciclo de la sabidur\u00eda.","breadcrumb":{"@id":"https:\/\/hammamalandalus.com\/blog\/alvaro-salvador-jofre\/#breadcrumb"},"inLanguage":"es","potentialAction":[{"@type":"ReadAction","target":["https:\/\/hammamalandalus.com\/blog\/alvaro-salvador-jofre\/"]}]},{"@type":"ImageObject","inLanguage":"es","@id":"https:\/\/hammamalandalus.com\/blog\/alvaro-salvador-jofre\/#primaryimage","url":"https:\/\/hammamalandalus.com\/blog\/wp-content\/uploads\/2026\/03\/salvador1.jpg","contentUrl":"https:\/\/hammamalandalus.com\/blog\/wp-content\/uploads\/2026\/03\/salvador1.jpg","width":786,"height":389},{"@type":"BreadcrumbList","@id":"https:\/\/hammamalandalus.com\/blog\/alvaro-salvador-jofre\/#breadcrumb","itemListElement":[{"@type":"ListItem","position":1,"name":"Portada","item":"https:\/\/hammamalandalus.com\/blog\/"},{"@type":"ListItem","position":2,"name":"\u00c1lvaro Salvador Jofr\u00e9, la Poes\u00eda de la experiencia"}]},{"@type":"WebSite","@id":"https:\/\/hammamalandalus.com\/blog\/#website","url":"https:\/\/hammamalandalus.com\/blog\/","name":"ECOS DE BIENSENTIR, la Revista de Bienestar de Hammam Al \u00c1ndalus","description":"","potentialAction":[{"@type":"SearchAction","target":{"@type":"EntryPoint","urlTemplate":"https:\/\/hammamalandalus.com\/blog\/?s={search_term_string}"},"query-input":{"@type":"PropertyValueSpecification","valueRequired":true,"valueName":"search_term_string"}}],"inLanguage":"es"},{"@type":"Person","@id":"https:\/\/hammamalandalus.com\/blog\/#\/schema\/person\/3214d2f2345b44b1cb60a24e9679604f","name":"dacmail","image":{"@type":"ImageObject","inLanguage":"es","@id":"https:\/\/secure.gravatar.com\/avatar\/6558984ab2dc9134d66f12fd70deb173e481b74f155e0e6108a54b062919436d?s=96&d=mm&r=g","url":"https:\/\/secure.gravatar.com\/avatar\/6558984ab2dc9134d66f12fd70deb173e481b74f155e0e6108a54b062919436d?s=96&d=mm&r=g","contentUrl":"https:\/\/secure.gravatar.com\/avatar\/6558984ab2dc9134d66f12fd70deb173e481b74f155e0e6108a54b062919436d?s=96&d=mm&r=g","caption":"dacmail"},"sameAs":["https:\/\/hammamalandalus.com\/blog"],"url":"https:\/\/hammamalandalus.com\/blog\/author\/dacmail\/"}]}},"_links":{"self":[{"href":"https:\/\/hammamalandalus.com\/blog\/wp-json\/wp\/v2\/posts\/3263","targetHints":{"allow":["GET"]}}],"collection":[{"href":"https:\/\/hammamalandalus.com\/blog\/wp-json\/wp\/v2\/posts"}],"about":[{"href":"https:\/\/hammamalandalus.com\/blog\/wp-json\/wp\/v2\/types\/post"}],"author":[{"embeddable":true,"href":"https:\/\/hammamalandalus.com\/blog\/wp-json\/wp\/v2\/users\/1"}],"replies":[{"embeddable":true,"href":"https:\/\/hammamalandalus.com\/blog\/wp-json\/wp\/v2\/comments?post=3263"}],"version-history":[{"count":3,"href":"https:\/\/hammamalandalus.com\/blog\/wp-json\/wp\/v2\/posts\/3263\/revisions"}],"predecessor-version":[{"id":5843,"href":"https:\/\/hammamalandalus.com\/blog\/wp-json\/wp\/v2\/posts\/3263\/revisions\/5843"}],"wp:featuredmedia":[{"embeddable":true,"href":"https:\/\/hammamalandalus.com\/blog\/wp-json\/wp\/v2\/media\/3268"}],"wp:attachment":[{"href":"https:\/\/hammamalandalus.com\/blog\/wp-json\/wp\/v2\/media?parent=3263"}],"wp:term":[{"taxonomy":"category","embeddable":true,"href":"https:\/\/hammamalandalus.com\/blog\/wp-json\/wp\/v2\/categories?post=3263"},{"taxonomy":"post_tag","embeddable":true,"href":"https:\/\/hammamalandalus.com\/blog\/wp-json\/wp\/v2\/tags?post=3263"}],"curies":[{"name":"wp","href":"https:\/\/api.w.org\/{rel}","templated":true}]}}