{"id":2622,"date":"2018-05-10T12:29:39","date_gmt":"2018-05-10T10:29:39","guid":{"rendered":"http:\/\/bloghammam.localhost\/2018\/05\/10\/fiestas-de-san-isidro-2018\/"},"modified":"2026-04-09T11:52:18","modified_gmt":"2026-04-09T09:52:18","slug":"fiestas-de-san-isidro-2018","status":"publish","type":"post","link":"https:\/\/hammamalandalus.com\/blog\/fiestas-de-san-isidro-2018\/","title":{"rendered":"Fiestas de San Isidro 2018, la hospitalidad vive en Madrid"},"content":{"rendered":"\n<p>La hospitalidad, herencia de nuestros antepasados andalus\u00edes, ser\u00e1 la protagonista de Madrid desde el 11 y hasta el 15 de mayo. \u00bfEl motivo? Celebramos las fiestas m\u00e1s importantes de nuestra ciudad, San Isidro Labrador. En Hammam Al \u00c1ndalus queremos festejarlas con vosotros por todo lo alto con descuentos muy especiales en nuestros ba\u00f1os \u00e1rabes.<\/p>\n\n\n\n<p><!--more--><\/p>\n\n\n\n<p><img loading=\"lazy\" decoding=\"async\" class=\"aligncenter size-post-thumbnail wp-image-5498\" src=\"https:\/\/hammamalandalus.com\/blog\/wp-content\/uploads\/2026\/03\/cartel-san-isidro-2018-madrid-mercedes-debellard02-big.jpg\" alt=\"Fiestas de San Isidro 2018, la hospitalidad de Madrid \" width=\"750\" height=\"1050\" \/><\/p>\n\n\n\n<p><span style=\"font-weight: 400;\">Estamos en plena primavera y comienza la \u00e9poca de las verbenas. Nada apetece m\u00e1s que salir a la calle con los nuestros y disfrutar de los festejos, de la amistad y del buen tiempo que ya comenzar\u00e1 a ser la t\u00f3nica protagonista con el paso de los d\u00edas. Cuando mayo llega a su ecuador tambi\u00e9n celebramos el d\u00eda del patr\u00f3n de Madrid, San Isidro Labrador. Y para esta fecha marcada en el calendario con flores y mantones de manila, nos ponemos nuestras mejores galas, los trajes de chulapos y chulapas para marcarnos unos chotis. <\/span><\/p>\n\n\n\n<p><img loading=\"lazy\" decoding=\"async\" class=\"aligncenter size-post-thumbnail wp-image-5499\" src=\"https:\/\/hammamalandalus.com\/blog\/wp-content\/uploads\/2026\/03\/cartel-san-isidro-2018-madrid-mercedes-debellard04-big.jpg\" alt=\"Fiestas de San Isidro 2018, la hospitalidad de Madrid \" width=\"750\" height=\"1050\" \/><\/p>\n\n\n\n<p><span style=\"font-weight: 400;\">Este a\u00f1o la ciudad ser\u00e1 escenario de m\u00e1s de 200 <a href=\"https:\/\/www.esmadrid.com\/sites\/default\/files\/programa_sanisidro_2018.pdf\">actividades culturales<\/a> (conciertos, gigantes cabezudos, pasacalles, marionetas, reparto de claveles&#8230;) en 15 lugares distintos, todos muy caracter\u00edsticos de la ciudad (Las Vistillas, Plaza Mayor, Pradera de San Isidro, Lavapi\u00e9s, Parque Enrique Tierno Galv\u00e1n\u2026). Un programa cultural y de ocio que se caracteriza por conjugar lo tradicional y lo moderno porque, como siempre decimos, en Madrid se esconden infinitas ciudades diferentes. <\/span><\/p>\n\n\n\n<p><img loading=\"lazy\" decoding=\"async\" class=\"aligncenter size-post-thumbnail wp-image-5500\" src=\"https:\/\/hammamalandalus.com\/blog\/wp-content\/uploads\/2026\/03\/cartel-san-isidro-2018-madrid-mercedes-debellard05-big.jpg\" alt=\"Fiestas de San Isidro 2018, la hospitalidad de Madrid \" width=\"750\" height=\"1050\" \/><\/p>\n\n\n\n<p><span style=\"font-weight: 400;\">En esta edici\u00f3n tambi\u00e9n han sorprendido mucho los bellos carteles que ha dise\u00f1ado la ilustradora Mercedes de Bellard, que han sido protagonistas de m\u00faltiples halagos estos d\u00edas en redes sociales y medios de comunicaci\u00f3n. En ellos podemos ver a mujeres muy diversas, de diferentes generaciones y perfiles. La autora ha declarado que con ellos quiere abogar por unas \u201cfiestas feministas y libres de maltrato animal\u201d. Este a\u00f1o el tradicional preg\u00f3n de las fiestas ser\u00e1 le\u00eddo el d\u00eda 11 de mayo por la escritora madrile\u00f1a Almudena Grandes a las 20.00 horas en la plaza de la Villa. <\/span><\/p>\n\n\n\n<p><img loading=\"lazy\" decoding=\"async\" class=\"aligncenter size-post-thumbnail wp-image-5501\" src=\"https:\/\/hammamalandalus.com\/blog\/wp-content\/uploads\/2026\/03\/cartel-san-isidro-2018-madrid-mercedes-debellard03-big.jpg\" alt=\"Fiestas de San Isidro 2018, la hospitalidad de Madrid \" width=\"750\" height=\"1050\" \/><\/p>\n\n\n\n<p><span style=\"font-weight: 400;\">Adem\u00e1s de por la hospitalidad, San Isidro es una de nuestras festividades favoritas por la relaci\u00f3n estrecha que tiene con el agua. El patr\u00f3n de Madrid ha servido hist\u00f3ricamente para invocar a la lluvia. Durante el d\u00eda grande, el 15 de mayo, los madrile\u00f1os se re\u00fanen a comer en la pradera de San Isidro y beben agua del ca\u00f1o de la ermita. Incluso hay unos versos dedicados al santo antes de beber: <\/span><i><span style=\"font-weight: 400;\">San Isidro hermoso, \/ patr\u00f3n de Madrid, \/ que el agua del risco \/ hiciste salir. <\/span><\/i><\/p>\n\n\n\n<p><img loading=\"lazy\" decoding=\"async\" class=\"aligncenter size-post-thumbnail wp-image-5502\" src=\"https:\/\/hammamalandalus.com\/blog\/wp-content\/uploads\/2026\/03\/red-carnations-72691_1920.jpg\" alt=\"Fiestas de San Isidro 2018, la hospitalidad de Madrid \" width=\"750\" height=\"607\" \/><\/p>\n\n\n\n<p><span style=\"font-weight: 400;\">En esta fiesta castiza en la que predominan los colores de los claveles, los pa\u00f1uelos y las mantillas de chulapa, hay otras tradiciones muy dulces. Destacan las rosquillas y sus distintas variedades: las tontas, las listas, las francesas y las de Santa Clara. La \u00fanica diferencia entre estas cuatro es su cobertura, ya que todas est\u00e1n hechas con la misma receta. <\/span><\/p>\n\n\n\n<p><img loading=\"lazy\" decoding=\"async\" class=\"aligncenter size-post-thumbnail wp-image-5503\" src=\"https:\/\/hammamalandalus.com\/blog\/wp-content\/uploads\/2026\/03\/fotos-emocionales-4-de-30-2-scaled.jpg\" alt=\"Fiestas de San Isidro 2018, la hospitalidad de Madrid \" width=\"750\" height=\"474\" \/><\/p>\n\n\n\n<p><span style=\"font-weight: 400;\">En Hammam Al \u00c1ndalus tambi\u00e9n nos vestimos de gala con el uniforme de chulapos y chulapas el martes 15 de mayo. Este d\u00eda grande repartiremos a nuestros clientes claveles, el s\u00edmbolo de las fiestas de San Isidro. Adem\u00e1s, para celebrar por todo lo alto, desde el viernes 11 de mayo y hasta el d\u00eda 20 repartiremos <a href=\"https:\/\/madrid.hammamalandalus.com\/promociones\/\">nuestras tarjetas \u201cVen Pronto\u201d<\/a>, para que todos los clientes que nos visiten en estas fechas especiales reciban un descuento en su pr\u00f3xima visita hasta el 31 de julio. \u00a1Feliz San Isidro para todos y todas.<\/span><\/p>\n","protected":false},"excerpt":{"rendered":"<p>La hospitalidad, herencia de nuestros antepasados andalus\u00edes, ser\u00e1 la protagonista de Madrid desde el 11 y hasta el 15 de mayo. \u00bfEl motivo? Celebramos las fiestas m\u00e1s importantes de nuestra ciudad, San Isidro Labrador. En Hammam Al \u00c1ndalus queremos festejarlas con vosotros por todo lo alto con descuentos muy especiales en nuestros ba\u00f1os \u00e1rabes.<\/p>\n","protected":false},"author":1,"featured_media":2630,"comment_status":"open","ping_status":"open","sticky":false,"template":"","format":"standard","meta":{"_acf_changed":false,"footnotes":""},"categories":[55],"tags":[],"class_list":["post-2622","post","type-post","status-publish","format-standard","has-post-thumbnail","hentry","category-proposito-y-cultura"],"acf":[],"yoast_head":"<!-- This site is optimized with the Yoast SEO plugin v27.4 - https:\/\/yoast.com\/product\/yoast-seo-wordpress\/ -->\n<title>Fiestas de San Isidro 2018, la hospitalidad vive en Madrid<\/title>\n<meta name=\"description\" content=\"La hospitalidad, herencia de nuestros antepasados andalus\u00edes, ser\u00e1 la protagonista de Madrid desde el 11 y hasta el 15 de mayo. \u00bfEl motivo? Celebramos las fiestas m\u00e1s importantes de nuestra ciudad, San Isidro Labrador.\" \/>\n<meta name=\"robots\" content=\"index, follow, max-snippet:-1, max-image-preview:large, max-video-preview:-1\" \/>\n<link rel=\"canonical\" href=\"https:\/\/hammamalandalus.com\/blog\/fiestas-de-san-isidro-2018\/\" \/>\n<meta property=\"og:locale\" content=\"es_ES\" \/>\n<meta property=\"og:type\" content=\"article\" \/>\n<meta property=\"og:title\" content=\"Fiestas de San Isidro 2018, la hospitalidad vive en Madrid\" \/>\n<meta property=\"og:description\" content=\"La hospitalidad, herencia de nuestros antepasados andalus\u00edes, ser\u00e1 la protagonista de Madrid desde el 11 y hasta el 15 de mayo. \u00bfEl motivo? Celebramos las fiestas m\u00e1s importantes de nuestra ciudad, San Isidro Labrador.\" \/>\n<meta property=\"og:url\" content=\"https:\/\/hammamalandalus.com\/blog\/fiestas-de-san-isidro-2018\/\" \/>\n<meta property=\"og:site_name\" content=\"ECOS DE BIENSENTIR, la Revista de Bienestar de Hammam Al \u00c1ndalus\" \/>\n<meta property=\"article:published_time\" content=\"2018-05-10T10:29:39+00:00\" \/>\n<meta property=\"article:modified_time\" content=\"2026-04-09T09:52:18+00:00\" \/>\n<meta property=\"og:image\" content=\"https:\/\/hammamalandalus.com\/blog\/wp-content\/uploads\/2026\/03\/cartel-san-isidro-2018-madrid-mercedes-debellard01-big.jpg\" \/>\n\t<meta property=\"og:image:width\" content=\"820\" \/>\n\t<meta property=\"og:image:height\" content=\"410\" \/>\n\t<meta property=\"og:image:type\" content=\"image\/jpeg\" \/>\n<meta name=\"author\" content=\"dacmail\" \/>\n<meta name=\"twitter:card\" content=\"summary_large_image\" \/>\n<meta name=\"twitter:label1\" content=\"Escrito por\" \/>\n\t<meta name=\"twitter:data1\" content=\"dacmail\" \/>\n\t<meta name=\"twitter:label2\" content=\"Tiempo de lectura\" \/>\n\t<meta name=\"twitter:data2\" content=\"3 minutos\" \/>\n<script type=\"application\/ld+json\" class=\"yoast-schema-graph\">{\"@context\":\"https:\\\/\\\/schema.org\",\"@graph\":[{\"@type\":\"Article\",\"@id\":\"https:\\\/\\\/hammamalandalus.com\\\/blog\\\/fiestas-de-san-isidro-2018\\\/#article\",\"isPartOf\":{\"@id\":\"https:\\\/\\\/hammamalandalus.com\\\/blog\\\/fiestas-de-san-isidro-2018\\\/\"},\"author\":{\"name\":\"dacmail\",\"@id\":\"https:\\\/\\\/hammamalandalus.com\\\/blog\\\/#\\\/schema\\\/person\\\/3214d2f2345b44b1cb60a24e9679604f\"},\"headline\":\"Fiestas de San Isidro 2018, la hospitalidad vive en Madrid\",\"datePublished\":\"2018-05-10T10:29:39+00:00\",\"dateModified\":\"2026-04-09T09:52:18+00:00\",\"mainEntityOfPage\":{\"@id\":\"https:\\\/\\\/hammamalandalus.com\\\/blog\\\/fiestas-de-san-isidro-2018\\\/\"},\"wordCount\":591,\"commentCount\":0,\"image\":{\"@id\":\"https:\\\/\\\/hammamalandalus.com\\\/blog\\\/fiestas-de-san-isidro-2018\\\/#primaryimage\"},\"thumbnailUrl\":\"https:\\\/\\\/hammamalandalus.com\\\/blog\\\/wp-content\\\/uploads\\\/2026\\\/03\\\/cartel-san-isidro-2018-madrid-mercedes-debellard01-big.jpg\",\"articleSection\":[\"Prop\u00f3sito y cultura\"],\"inLanguage\":\"es\",\"potentialAction\":[{\"@type\":\"CommentAction\",\"name\":\"Comment\",\"target\":[\"https:\\\/\\\/hammamalandalus.com\\\/blog\\\/fiestas-de-san-isidro-2018\\\/#respond\"]}]},{\"@type\":\"WebPage\",\"@id\":\"https:\\\/\\\/hammamalandalus.com\\\/blog\\\/fiestas-de-san-isidro-2018\\\/\",\"url\":\"https:\\\/\\\/hammamalandalus.com\\\/blog\\\/fiestas-de-san-isidro-2018\\\/\",\"name\":\"Fiestas de San Isidro 2018, la hospitalidad vive en Madrid\",\"isPartOf\":{\"@id\":\"https:\\\/\\\/hammamalandalus.com\\\/blog\\\/#website\"},\"primaryImageOfPage\":{\"@id\":\"https:\\\/\\\/hammamalandalus.com\\\/blog\\\/fiestas-de-san-isidro-2018\\\/#primaryimage\"},\"image\":{\"@id\":\"https:\\\/\\\/hammamalandalus.com\\\/blog\\\/fiestas-de-san-isidro-2018\\\/#primaryimage\"},\"thumbnailUrl\":\"https:\\\/\\\/hammamalandalus.com\\\/blog\\\/wp-content\\\/uploads\\\/2026\\\/03\\\/cartel-san-isidro-2018-madrid-mercedes-debellard01-big.jpg\",\"datePublished\":\"2018-05-10T10:29:39+00:00\",\"dateModified\":\"2026-04-09T09:52:18+00:00\",\"author\":{\"@id\":\"https:\\\/\\\/hammamalandalus.com\\\/blog\\\/#\\\/schema\\\/person\\\/3214d2f2345b44b1cb60a24e9679604f\"},\"description\":\"La hospitalidad, herencia de nuestros antepasados andalus\u00edes, ser\u00e1 la protagonista de Madrid desde el 11 y hasta el 15 de mayo. \u00bfEl motivo? Celebramos las fiestas m\u00e1s importantes de nuestra ciudad, San Isidro Labrador.\",\"breadcrumb\":{\"@id\":\"https:\\\/\\\/hammamalandalus.com\\\/blog\\\/fiestas-de-san-isidro-2018\\\/#breadcrumb\"},\"inLanguage\":\"es\",\"potentialAction\":[{\"@type\":\"ReadAction\",\"target\":[\"https:\\\/\\\/hammamalandalus.com\\\/blog\\\/fiestas-de-san-isidro-2018\\\/\"]}]},{\"@type\":\"ImageObject\",\"inLanguage\":\"es\",\"@id\":\"https:\\\/\\\/hammamalandalus.com\\\/blog\\\/fiestas-de-san-isidro-2018\\\/#primaryimage\",\"url\":\"https:\\\/\\\/hammamalandalus.com\\\/blog\\\/wp-content\\\/uploads\\\/2026\\\/03\\\/cartel-san-isidro-2018-madrid-mercedes-debellard01-big.jpg\",\"contentUrl\":\"https:\\\/\\\/hammamalandalus.com\\\/blog\\\/wp-content\\\/uploads\\\/2026\\\/03\\\/cartel-san-isidro-2018-madrid-mercedes-debellard01-big.jpg\",\"width\":820,\"height\":410},{\"@type\":\"BreadcrumbList\",\"@id\":\"https:\\\/\\\/hammamalandalus.com\\\/blog\\\/fiestas-de-san-isidro-2018\\\/#breadcrumb\",\"itemListElement\":[{\"@type\":\"ListItem\",\"position\":1,\"name\":\"Portada\",\"item\":\"https:\\\/\\\/hammamalandalus.com\\\/blog\\\/\"},{\"@type\":\"ListItem\",\"position\":2,\"name\":\"Fiestas de San Isidro 2018, la hospitalidad vive en Madrid\"}]},{\"@type\":\"WebSite\",\"@id\":\"https:\\\/\\\/hammamalandalus.com\\\/blog\\\/#website\",\"url\":\"https:\\\/\\\/hammamalandalus.com\\\/blog\\\/\",\"name\":\"ECOS DE BIENSENTIR, la Revista de Bienestar de Hammam Al \u00c1ndalus\",\"description\":\"\",\"potentialAction\":[{\"@type\":\"SearchAction\",\"target\":{\"@type\":\"EntryPoint\",\"urlTemplate\":\"https:\\\/\\\/hammamalandalus.com\\\/blog\\\/?s={search_term_string}\"},\"query-input\":{\"@type\":\"PropertyValueSpecification\",\"valueRequired\":true,\"valueName\":\"search_term_string\"}}],\"inLanguage\":\"es\"},{\"@type\":\"Person\",\"@id\":\"https:\\\/\\\/hammamalandalus.com\\\/blog\\\/#\\\/schema\\\/person\\\/3214d2f2345b44b1cb60a24e9679604f\",\"name\":\"dacmail\",\"image\":{\"@type\":\"ImageObject\",\"inLanguage\":\"es\",\"@id\":\"https:\\\/\\\/secure.gravatar.com\\\/avatar\\\/6558984ab2dc9134d66f12fd70deb173e481b74f155e0e6108a54b062919436d?s=96&d=mm&r=g\",\"url\":\"https:\\\/\\\/secure.gravatar.com\\\/avatar\\\/6558984ab2dc9134d66f12fd70deb173e481b74f155e0e6108a54b062919436d?s=96&d=mm&r=g\",\"contentUrl\":\"https:\\\/\\\/secure.gravatar.com\\\/avatar\\\/6558984ab2dc9134d66f12fd70deb173e481b74f155e0e6108a54b062919436d?s=96&d=mm&r=g\",\"caption\":\"dacmail\"},\"sameAs\":[\"https:\\\/\\\/hammamalandalus.com\\\/blog\"],\"url\":\"https:\\\/\\\/hammamalandalus.com\\\/blog\\\/author\\\/dacmail\\\/\"}]}<\/script>\n<!-- \/ Yoast SEO plugin. -->","yoast_head_json":{"title":"Fiestas de San Isidro 2018, la hospitalidad vive en Madrid","description":"La hospitalidad, herencia de nuestros antepasados andalus\u00edes, ser\u00e1 la protagonista de Madrid desde el 11 y hasta el 15 de mayo. \u00bfEl motivo? Celebramos las fiestas m\u00e1s importantes de nuestra ciudad, San Isidro Labrador.","robots":{"index":"index","follow":"follow","max-snippet":"max-snippet:-1","max-image-preview":"max-image-preview:large","max-video-preview":"max-video-preview:-1"},"canonical":"https:\/\/hammamalandalus.com\/blog\/fiestas-de-san-isidro-2018\/","og_locale":"es_ES","og_type":"article","og_title":"Fiestas de San Isidro 2018, la hospitalidad vive en Madrid","og_description":"La hospitalidad, herencia de nuestros antepasados andalus\u00edes, ser\u00e1 la protagonista de Madrid desde el 11 y hasta el 15 de mayo. \u00bfEl motivo? Celebramos las fiestas m\u00e1s importantes de nuestra ciudad, San Isidro Labrador.","og_url":"https:\/\/hammamalandalus.com\/blog\/fiestas-de-san-isidro-2018\/","og_site_name":"ECOS DE BIENSENTIR, la Revista de Bienestar de Hammam Al \u00c1ndalus","article_published_time":"2018-05-10T10:29:39+00:00","article_modified_time":"2026-04-09T09:52:18+00:00","og_image":[{"width":820,"height":410,"url":"https:\/\/hammamalandalus.com\/blog\/wp-content\/uploads\/2026\/03\/cartel-san-isidro-2018-madrid-mercedes-debellard01-big.jpg","type":"image\/jpeg"}],"author":"dacmail","twitter_card":"summary_large_image","twitter_misc":{"Escrito por":"dacmail","Tiempo de lectura":"3 minutos"},"schema":{"@context":"https:\/\/schema.org","@graph":[{"@type":"Article","@id":"https:\/\/hammamalandalus.com\/blog\/fiestas-de-san-isidro-2018\/#article","isPartOf":{"@id":"https:\/\/hammamalandalus.com\/blog\/fiestas-de-san-isidro-2018\/"},"author":{"name":"dacmail","@id":"https:\/\/hammamalandalus.com\/blog\/#\/schema\/person\/3214d2f2345b44b1cb60a24e9679604f"},"headline":"Fiestas de San Isidro 2018, la hospitalidad vive en Madrid","datePublished":"2018-05-10T10:29:39+00:00","dateModified":"2026-04-09T09:52:18+00:00","mainEntityOfPage":{"@id":"https:\/\/hammamalandalus.com\/blog\/fiestas-de-san-isidro-2018\/"},"wordCount":591,"commentCount":0,"image":{"@id":"https:\/\/hammamalandalus.com\/blog\/fiestas-de-san-isidro-2018\/#primaryimage"},"thumbnailUrl":"https:\/\/hammamalandalus.com\/blog\/wp-content\/uploads\/2026\/03\/cartel-san-isidro-2018-madrid-mercedes-debellard01-big.jpg","articleSection":["Prop\u00f3sito y cultura"],"inLanguage":"es","potentialAction":[{"@type":"CommentAction","name":"Comment","target":["https:\/\/hammamalandalus.com\/blog\/fiestas-de-san-isidro-2018\/#respond"]}]},{"@type":"WebPage","@id":"https:\/\/hammamalandalus.com\/blog\/fiestas-de-san-isidro-2018\/","url":"https:\/\/hammamalandalus.com\/blog\/fiestas-de-san-isidro-2018\/","name":"Fiestas de San Isidro 2018, la hospitalidad vive en Madrid","isPartOf":{"@id":"https:\/\/hammamalandalus.com\/blog\/#website"},"primaryImageOfPage":{"@id":"https:\/\/hammamalandalus.com\/blog\/fiestas-de-san-isidro-2018\/#primaryimage"},"image":{"@id":"https:\/\/hammamalandalus.com\/blog\/fiestas-de-san-isidro-2018\/#primaryimage"},"thumbnailUrl":"https:\/\/hammamalandalus.com\/blog\/wp-content\/uploads\/2026\/03\/cartel-san-isidro-2018-madrid-mercedes-debellard01-big.jpg","datePublished":"2018-05-10T10:29:39+00:00","dateModified":"2026-04-09T09:52:18+00:00","author":{"@id":"https:\/\/hammamalandalus.com\/blog\/#\/schema\/person\/3214d2f2345b44b1cb60a24e9679604f"},"description":"La hospitalidad, herencia de nuestros antepasados andalus\u00edes, ser\u00e1 la protagonista de Madrid desde el 11 y hasta el 15 de mayo. \u00bfEl motivo? Celebramos las fiestas m\u00e1s importantes de nuestra ciudad, San Isidro Labrador.","breadcrumb":{"@id":"https:\/\/hammamalandalus.com\/blog\/fiestas-de-san-isidro-2018\/#breadcrumb"},"inLanguage":"es","potentialAction":[{"@type":"ReadAction","target":["https:\/\/hammamalandalus.com\/blog\/fiestas-de-san-isidro-2018\/"]}]},{"@type":"ImageObject","inLanguage":"es","@id":"https:\/\/hammamalandalus.com\/blog\/fiestas-de-san-isidro-2018\/#primaryimage","url":"https:\/\/hammamalandalus.com\/blog\/wp-content\/uploads\/2026\/03\/cartel-san-isidro-2018-madrid-mercedes-debellard01-big.jpg","contentUrl":"https:\/\/hammamalandalus.com\/blog\/wp-content\/uploads\/2026\/03\/cartel-san-isidro-2018-madrid-mercedes-debellard01-big.jpg","width":820,"height":410},{"@type":"BreadcrumbList","@id":"https:\/\/hammamalandalus.com\/blog\/fiestas-de-san-isidro-2018\/#breadcrumb","itemListElement":[{"@type":"ListItem","position":1,"name":"Portada","item":"https:\/\/hammamalandalus.com\/blog\/"},{"@type":"ListItem","position":2,"name":"Fiestas de San Isidro 2018, la hospitalidad vive en Madrid"}]},{"@type":"WebSite","@id":"https:\/\/hammamalandalus.com\/blog\/#website","url":"https:\/\/hammamalandalus.com\/blog\/","name":"ECOS DE BIENSENTIR, la Revista de Bienestar de Hammam Al \u00c1ndalus","description":"","potentialAction":[{"@type":"SearchAction","target":{"@type":"EntryPoint","urlTemplate":"https:\/\/hammamalandalus.com\/blog\/?s={search_term_string}"},"query-input":{"@type":"PropertyValueSpecification","valueRequired":true,"valueName":"search_term_string"}}],"inLanguage":"es"},{"@type":"Person","@id":"https:\/\/hammamalandalus.com\/blog\/#\/schema\/person\/3214d2f2345b44b1cb60a24e9679604f","name":"dacmail","image":{"@type":"ImageObject","inLanguage":"es","@id":"https:\/\/secure.gravatar.com\/avatar\/6558984ab2dc9134d66f12fd70deb173e481b74f155e0e6108a54b062919436d?s=96&d=mm&r=g","url":"https:\/\/secure.gravatar.com\/avatar\/6558984ab2dc9134d66f12fd70deb173e481b74f155e0e6108a54b062919436d?s=96&d=mm&r=g","contentUrl":"https:\/\/secure.gravatar.com\/avatar\/6558984ab2dc9134d66f12fd70deb173e481b74f155e0e6108a54b062919436d?s=96&d=mm&r=g","caption":"dacmail"},"sameAs":["https:\/\/hammamalandalus.com\/blog"],"url":"https:\/\/hammamalandalus.com\/blog\/author\/dacmail\/"}]}},"_links":{"self":[{"href":"https:\/\/hammamalandalus.com\/blog\/wp-json\/wp\/v2\/posts\/2622","targetHints":{"allow":["GET"]}}],"collection":[{"href":"https:\/\/hammamalandalus.com\/blog\/wp-json\/wp\/v2\/posts"}],"about":[{"href":"https:\/\/hammamalandalus.com\/blog\/wp-json\/wp\/v2\/types\/post"}],"author":[{"embeddable":true,"href":"https:\/\/hammamalandalus.com\/blog\/wp-json\/wp\/v2\/users\/1"}],"replies":[{"embeddable":true,"href":"https:\/\/hammamalandalus.com\/blog\/wp-json\/wp\/v2\/comments?post=2622"}],"version-history":[{"count":3,"href":"https:\/\/hammamalandalus.com\/blog\/wp-json\/wp\/v2\/posts\/2622\/revisions"}],"predecessor-version":[{"id":5730,"href":"https:\/\/hammamalandalus.com\/blog\/wp-json\/wp\/v2\/posts\/2622\/revisions\/5730"}],"wp:featuredmedia":[{"embeddable":true,"href":"https:\/\/hammamalandalus.com\/blog\/wp-json\/wp\/v2\/media\/2630"}],"wp:attachment":[{"href":"https:\/\/hammamalandalus.com\/blog\/wp-json\/wp\/v2\/media?parent=2622"}],"wp:term":[{"taxonomy":"category","embeddable":true,"href":"https:\/\/hammamalandalus.com\/blog\/wp-json\/wp\/v2\/categories?post=2622"},{"taxonomy":"post_tag","embeddable":true,"href":"https:\/\/hammamalandalus.com\/blog\/wp-json\/wp\/v2\/tags?post=2622"}],"curies":[{"name":"wp","href":"https:\/\/api.w.org\/{rel}","templated":true}]}}